{"id":12158,"date":"2017-05-29T10:25:28","date_gmt":"2017-05-29T13:25:28","guid":{"rendered":"http:\/\/actualidadadiario.com\/site\/?p=12158"},"modified":"2017-05-29T10:25:28","modified_gmt":"2017-05-29T13:25:28","slug":"tiempo-de-descuento-para-el-primer-test-electoral-2017","status":"publish","type":"post","link":"https:\/\/www.actualidadadiario.com\/index.php\/2017\/05\/29\/tiempo-de-descuento-para-el-primer-test-electoral-2017\/","title":{"rendered":"Tiempo de descuento para el primer test electoral 2017"},"content":{"rendered":"<p><em><strong>El pr\u00f3ximo domingo tres distritos abrir\u00e1n el calendario de elecciones con definiciones locales, pero alcance nacional<\/strong><\/em><\/p>\n<p>&nbsp;<\/p>\n<p>&nbsp;<\/p>\n<p>&nbsp;<\/p>\n<p>Entr\u00f3 en la cuenta regresiva el primer test electoral de peso del 2017, con los \u00faltimos actos y los cierres de campa\u00f1a de los comicios del pr\u00f3ximo domingo en la ciudad de Corrientes (definir\u00e1n nuevo intendente), La Rioja (renovar\u00e1 parte de la Legislatura) y Chaco (habr\u00e1 PASO para cargos legislativos locales).<\/p>\n<p>&nbsp;<\/p>\n<p>El calendario que promete el domingo 4 ser\u00e1 un anticipo -que se nacionalizar\u00e1- de la relaci\u00f3n de fuerzas entre oficialismo y oposici\u00f3n, en la antesala de los comicios parlamentarios nacionales de octubre y, en el caso de Corrientes, de la renovaci\u00f3n de la gobernaci\u00f3n. Veamos:<\/p>\n<p>&nbsp;<\/p>\n<p>&nbsp;<\/p>\n<p><strong>La Rioja<\/strong><\/p>\n<p>En l\u00ednea con la decisi\u00f3n del gobernador justicialista Sergio Casas de desdoblar las elecciones provinciales de las nacionales del 22 de octubre, los riojanos votan para renovar 18 bancas en el Parlamento local.<\/p>\n<p>&nbsp;<\/p>\n<p>En este escenario, las listas para legisladores provinciales en la ciudad capital (la m\u00e1s importante y donde se ponen en juego 8 de las 18 bancas en juego) cristalizaron la di\u00e1spora del PJ. Por un lado, la que lleva el sello del justicialismo, sin alianzas, y que auspicia el gobernador est\u00e1 encabezada por Teresita Madera, diputada nacional con mandato a vencer este a\u00f1o. El intendente de la ciudad, Alberto Paredes Urquiza, se desmarc\u00f3 con el Frente Encuentro por La Rioja (el vice del alcalde, Felipe \u00c1lvarez, al frente) y el Frente para la Victoria tambi\u00e9n se desprendi\u00f3 y llega con candidatos propios.<\/p>\n<p>&nbsp;<\/p>\n<p>Cambiemos, en tanto, pone al abogado Gustavo Galv\u00e1n con el 1.<\/p>\n<p>&nbsp;<\/p>\n<p>Sin embargo, las tensiones peronistas fueron tibias comparadas con los cruces que miran a octubre. El gobernador Casas tuvo un duelo \u00e1spero con el ministro de Defensa de la Naci\u00f3n y probable candidato a senador por Cambiemos, Julio Mart\u00ednez. Tras el pedido del mandatario de fondos para la provincia y del hist\u00f3rico reclamo por el punto por coparticipaci\u00f3n perdido a finales de los 80 cuando se pari\u00f3 ese r\u00e9gimen, Mart\u00ednez asegur\u00f3 que los riojanos recibir\u00e1n de Naci\u00f3n $17.000 millones. El ministro de Macri subi\u00f3 la apuesta y dijo que los funcionarios provinciales tienen &#8220;s\u00edndrome de abstinencia, ya que no pueden usar los fondos para comprar fincas o autos como ocurri\u00f3 en la era K&#8221;. Casas respondi\u00f3: &#8220;Mart\u00ednez est\u00e1 nervioso&#8221;. El tanteo de candidaturas para la renovaci\u00f3n de dos bancas en Diputados y tres en el Senado tiene el foco puesto en Carlos Menem (buscar\u00e1 renovar).<\/p>\n<p>&nbsp;<\/p>\n<p>&nbsp;<\/p>\n<p><strong>Corrientes<\/strong><\/p>\n<p>El intendente de la capital provincial, el justicialista Fabi\u00e1n R\u00edos, pelear\u00e1 en las urnas su reelecci\u00f3n con el sello &#8220;Haciendo Corrientes&#8221;, tras un acuerdo entre el PJ y el Frente Renovador. Por su parte, Germ\u00e1n Braillard (massismo), encabezar\u00e1 la lista de concejales por &#8220;Haciendo Corrientes&#8221;.<\/p>\n<p>&nbsp;<\/p>\n<p>R\u00edos dirimir\u00e1 su pretensi\u00f3n con el radical Eduardo Tassano (ECO-Cambiemos, que es oficialismo a nivel provincial) y Sonia L\u00f3pez (FpV, un sello que en este turno electoral esquivar\u00e1 R\u00edos, y que se nutre de partidos kirchneristas y de izquierda).<\/p>\n<p>&nbsp;<\/p>\n<p>La pulseada ser\u00e1 seguida con especial atenci\u00f3n, ya que ofrecer\u00e1 una pista de los \u00e1nimos electorales en la previa a los comicios a gobernador, que se desarrollar\u00edan en septiembre.<\/p>\n<p>&nbsp;<\/p>\n<p>Tras la votaci\u00f3n, el mandatario radical Ricardo Colombi dar\u00e1 a conocer el nombre del candidato de ECO-Cambiemos que pelear\u00e1 su sucesi\u00f3n ante el justicialista Carlos &#8220;Camau&#8221; Esp\u00ednola, en medio de tensiones dentro de la coalici\u00f3n gobernante (ver aparte).<\/p>\n<p>&nbsp;<\/p>\n<p>La votaci\u00f3n incluye una paradoja: aunque Cambiemos auspicia la boleta electr\u00f3nica a nivel nacional, en Corrientes la fren\u00f3 y s\u00f3lo se aplicar\u00e1, como prueba piloto, en dos escuelas.<\/p>\n<p>&nbsp;<\/p>\n<p>&nbsp;<\/p>\n<p><strong>Chaco<\/strong><\/p>\n<p>Domingo Peppo, fue otro de los que anunci\u00f3 la separaci\u00f3n de fechas. Las legislativas provinciales donde se renovar\u00e1n 16 bancas (media c\u00e1mara) ser\u00e1n el domingo (PASO) y el 23 de julio (generales).<\/p>\n<p>&nbsp;<\/p>\n<p>El cierre de listas mostr\u00f3 la grieta pero dentro del frente Cambiemos. La UCR local, comandada por el senador nacional \u00c1ngel Rozas, se qued\u00f3 con los principales lugares de las dos boletas presentadas y estallaron los socios del PRO y de la Coalici\u00f3n C\u00edvica-ARI. Ese sismo que trasciende a Chaco y tiene r\u00e9plicas en otros distritos provoc\u00f3 un desmadre en esa provincia: las fuerzas relegadas bajaron sus candidatos y se quedaron afuera de la contienda. Adem\u00e1s, se presentaron ante el Tribunal Electoral para anunciar su retiro de la alianza y reclamar que la UCR no pueda usar el sello Cambiemos.<\/p>\n<p>&nbsp;<\/p>\n<p>El cierre fue m\u00e1s arm\u00f3nico en el oficialista Frente Chaco Merece M\u00e1s. Su lista est\u00e1 conformada por Gustavo Ferrer, Liliana Sopljaric y Juan Manuel Pedrini.<\/p>\n","protected":false},"excerpt":{"rendered":"<p>El pr\u00f3ximo domingo tres distritos abrir\u00e1n el calendario de elecciones con definiciones locales, pero alcance nacional &nbsp; &nbsp; &nbsp; Entr\u00f3 en la cuenta regresiva el primer test electoral de peso del 2017, con los \u00faltimos actos y los cierres de campa\u00f1a de los comicios del pr\u00f3ximo domingo en la ciudad de Corrientes (definir\u00e1n nuevo intendente), La Rioja (renovar\u00e1 parte de la Legislatura) y Chaco (habr\u00e1 PASO para cargos legislativos locales). &nbsp; El calendario que promete el domingo 4 ser\u00e1 un anticipo -que se nacionalizar\u00e1- de la relaci\u00f3n de fuerzas entre&#8230;<\/p>\n","protected":false},"author":3,"featured_media":12159,"comment_status":"closed","ping_status":"closed","sticky":false,"template":"","format":"standard","meta":[],"categories":[2],"tags":[],"_links":{"self":[{"href":"https:\/\/www.actualidadadiario.com\/index.php\/wp-json\/wp\/v2\/posts\/12158"}],"collection":[{"href":"https:\/\/www.actualidadadiario.com\/index.php\/wp-json\/wp\/v2\/posts"}],"about":[{"href":"https:\/\/www.actualidadadiario.com\/index.php\/wp-json\/wp\/v2\/types\/post"}],"author":[{"embeddable":true,"href":"https:\/\/www.actualidadadiario.com\/index.php\/wp-json\/wp\/v2\/users\/3"}],"replies":[{"embeddable":true,"href":"https:\/\/www.actualidadadiario.com\/index.php\/wp-json\/wp\/v2\/comments?post=12158"}],"version-history":[{"count":1,"href":"https:\/\/www.actualidadadiario.com\/index.php\/wp-json\/wp\/v2\/posts\/12158\/revisions"}],"predecessor-version":[{"id":12160,"href":"https:\/\/www.actualidadadiario.com\/index.php\/wp-json\/wp\/v2\/posts\/12158\/revisions\/12160"}],"wp:featuredmedia":[{"embeddable":true,"href":"https:\/\/www.actualidadadiario.com\/index.php\/wp-json\/wp\/v2\/media\/12159"}],"wp:attachment":[{"href":"https:\/\/www.actualidadadiario.com\/index.php\/wp-json\/wp\/v2\/media?parent=12158"}],"wp:term":[{"taxonomy":"category","embeddable":true,"href":"https:\/\/www.actualidadadiario.com\/index.php\/wp-json\/wp\/v2\/categories?post=12158"},{"taxonomy":"post_tag","embeddable":true,"href":"https:\/\/www.actualidadadiario.com\/index.php\/wp-json\/wp\/v2\/tags?post=12158"}],"curies":[{"name":"wp","href":"https:\/\/api.w.org\/{rel}","templated":true}]}}