{"id":121554,"date":"2024-10-15T12:54:16","date_gmt":"2024-10-15T15:54:16","guid":{"rendered":"https:\/\/www.actualidadadiario.com\/?p=121554"},"modified":"2024-10-15T12:54:16","modified_gmt":"2024-10-15T15:54:16","slug":"crisis-en-la-ucr-cinco-diputados-enfrentan-la-posible-expulsion-por-apoyar-a-milei","status":"publish","type":"post","link":"https:\/\/www.actualidadadiario.com\/index.php\/2024\/10\/15\/crisis-en-la-ucr-cinco-diputados-enfrentan-la-posible-expulsion-por-apoyar-a-milei\/","title":{"rendered":"Crisis en la UCR: cinco diputados enfrentan la posible expulsi\u00f3n por apoyar a Milei"},"content":{"rendered":"<p style=\"text-align: center;\"><em><strong>Hoy definen si expulsan a los &#8220;radicales peluca&#8221; que votaron con Milei<\/strong><\/em><\/p>\n<p>&nbsp;<\/p>\n<p>&nbsp;<\/p>\n<p>El bloque de la Uni\u00f3n C\u00edvica Radical (UCR) en la C\u00e1mara de Diputados est\u00e1 al borde de una fractura definitiva. Hoy a las 18:30, los legisladores del partido se reunir\u00e1n para decidir el futuro de cinco miembros conocidos como los &#8220;radicales peluca&#8221;, quienes votaron en contra de proyectos clave impulsados por la UCR, como la movilidad jubilatoria y el financiamiento universitario. Estas decisiones fueron tomadas en sinton\u00eda con el oficialismo, generando fuertes tensiones internas.<\/p>\n<p>&nbsp;<\/p>\n<p><strong>El quiebre interno de la UCR<\/strong><\/p>\n<p>El partido radical lleva meses atravesando una serie de conflictos internos. Desde que Javier Milei asumi\u00f3 la presidencia, las posiciones de algunos miembros de la UCR han comenzado a alinearse con el nuevo oficialismo, lo que provoc\u00f3 una creciente desconfianza entre los legisladores. La situaci\u00f3n alcanz\u00f3 su punto \u00e1lgido cuando cinco diputados \u2014Mariano Campero, Luis Picat, Mart\u00edn Arjol, Pablo Cervi y Federico Tournier\u2014 decidieron acompa\u00f1ar al Gobierno en dos votaciones cr\u00edticas, lo que desencaden\u00f3 la actual crisis.<\/p>\n<p>La gota que colm\u00f3 el vaso fue el voto en contra del presupuesto para las universidades p\u00fablicas, un tema que hist\u00f3ricamente ha sido central para el radicalismo, y la reforma de la movilidad jubilatoria, otro de los pilares del partido.<\/p>\n<p>&nbsp;<\/p>\n<p><strong>La postura de los &#8220;radicales peluca&#8221;<\/strong><\/p>\n<p>Los diputados en cuesti\u00f3n, apodados &#8220;radicales peluca&#8221;, han argumentado que su posici\u00f3n no es una traici\u00f3n a los valores de la UCR, sino una forma de representar a sectores que buscan una mayor colaboraci\u00f3n con el Gobierno nacional. Mariano Campero, uno de los m\u00e1s criticados dentro del partido, defendi\u00f3 su postura al decir: &#8220;Vamos a seguir en el bloque, representando a muchos radicales que quieren que al Gobierno le vaya bien&#8221;.<\/p>\n<p>Por su parte, Mart\u00edn Arjol tambi\u00e9n reafirm\u00f3 su postura, cuestionando por qu\u00e9 deber\u00edan ser expulsados por disentir con el bloque. &#8220;Nos pidieron que nos abstengamos, pero nosotros estamos representando a sectores que apoyan al Gobierno en estas decisiones&#8221;, expres\u00f3.<\/p>\n<p>&nbsp;<\/p>\n<p><strong>La influencia de Lousteau y Manes<\/strong><\/p>\n<p>Mart\u00edn Lousteau y Facundo Manes, dos figuras de peso dentro del radicalismo, han liderado las cr\u00edticas hacia estos diputados, exigiendo su inmediata expulsi\u00f3n. Lousteau, actual presidente de la UCR, ha sido claro al se\u00f1alar que el apoyo de los &#8220;radicales peluca&#8221; a Milei es inaceptable dentro del partido, mientras que Manes ha sido uno de los impulsores m\u00e1s vocales de la sanci\u00f3n.<\/p>\n<p>La tensi\u00f3n entre ambos sectores no es nueva. Desde diciembre pasado, las diferencias se han agudizado y hoy se encuentran en un punto de no retorno. Si bien algunos sectores, como el de Julio Cobos y Mario Barletta, buscan una salida dialogada, otros, como la diputada Mariela Coletta, exigen una postura firme. &#8220;Si no se van voluntariamente, hay que expulsarlos&#8221;, declar\u00f3 la legisladora, dejando en claro que no aceptar\u00e1 medias tintas en este conflicto.<\/p>\n<p>&nbsp;<\/p>\n<p><strong>El futuro del radicalismo<\/strong><\/p>\n<p>La reuni\u00f3n de hoy ser\u00e1 clave para el futuro del bloque radical. Con 14 votos a favor de la expulsi\u00f3n, la balanza podr\u00eda inclinarse en cualquier direcci\u00f3n, ya que se necesitan 17 para tomar una decisi\u00f3n definitiva. Sin embargo, la incertidumbre sobre la postura del sector que responde a Rodrigo De Loredo a\u00f1ade una dosis extra de suspenso.<\/p>\n<p>Este debate interno se da en un contexto cr\u00edtico para la UCR, en medio de la discusi\u00f3n del Presupuesto 2025. Algunos legisladores han propuesto un dictamen que recorta fondos a \u00e1reas clave del Gobierno, como la Secretar\u00eda General de la Presidencia y la Agencia Federal de Inteligencia, para financiar la educaci\u00f3n p\u00fablica y la movilidad jubilatoria. Pero los &#8220;radicales peluca&#8221; han generado desconfianza entre sus colegas, quienes los acusan de ser &#8220;esp\u00edas&#8221; de la Casa Rosada.<\/p>\n<p>El radicalismo enfrenta uno de sus momentos m\u00e1s cr\u00edticos en los \u00faltimos a\u00f1os. Lo que suceda en la reuni\u00f3n de hoy marcar\u00e1 un antes y un despu\u00e9s en la historia del partido.<\/p>\n","protected":false},"excerpt":{"rendered":"<p>Hoy definen si expulsan a los &#8220;radicales peluca&#8221; que votaron con Milei &nbsp; &nbsp; El bloque de la Uni\u00f3n C\u00edvica Radical (UCR) en la C\u00e1mara de Diputados est\u00e1 al borde de una fractura definitiva. Hoy a las 18:30, los legisladores del partido se reunir\u00e1n para decidir el futuro de cinco miembros conocidos como los &#8220;radicales peluca&#8221;, quienes votaron en contra de proyectos clave impulsados por la UCR, como la movilidad jubilatoria y el financiamiento universitario. Estas decisiones fueron tomadas en sinton\u00eda con el oficialismo, generando fuertes tensiones internas. &nbsp; El&#8230;<\/p>\n","protected":false},"author":3,"featured_media":121555,"comment_status":"closed","ping_status":"closed","sticky":false,"template":"","format":"standard","meta":[],"categories":[18],"tags":[],"_links":{"self":[{"href":"https:\/\/www.actualidadadiario.com\/index.php\/wp-json\/wp\/v2\/posts\/121554"}],"collection":[{"href":"https:\/\/www.actualidadadiario.com\/index.php\/wp-json\/wp\/v2\/posts"}],"about":[{"href":"https:\/\/www.actualidadadiario.com\/index.php\/wp-json\/wp\/v2\/types\/post"}],"author":[{"embeddable":true,"href":"https:\/\/www.actualidadadiario.com\/index.php\/wp-json\/wp\/v2\/users\/3"}],"replies":[{"embeddable":true,"href":"https:\/\/www.actualidadadiario.com\/index.php\/wp-json\/wp\/v2\/comments?post=121554"}],"version-history":[{"count":1,"href":"https:\/\/www.actualidadadiario.com\/index.php\/wp-json\/wp\/v2\/posts\/121554\/revisions"}],"predecessor-version":[{"id":121556,"href":"https:\/\/www.actualidadadiario.com\/index.php\/wp-json\/wp\/v2\/posts\/121554\/revisions\/121556"}],"wp:featuredmedia":[{"embeddable":true,"href":"https:\/\/www.actualidadadiario.com\/index.php\/wp-json\/wp\/v2\/media\/121555"}],"wp:attachment":[{"href":"https:\/\/www.actualidadadiario.com\/index.php\/wp-json\/wp\/v2\/media?parent=121554"}],"wp:term":[{"taxonomy":"category","embeddable":true,"href":"https:\/\/www.actualidadadiario.com\/index.php\/wp-json\/wp\/v2\/categories?post=121554"},{"taxonomy":"post_tag","embeddable":true,"href":"https:\/\/www.actualidadadiario.com\/index.php\/wp-json\/wp\/v2\/tags?post=121554"}],"curies":[{"name":"wp","href":"https:\/\/api.w.org\/{rel}","templated":true}]}}