{"id":121523,"date":"2024-10-15T10:51:59","date_gmt":"2024-10-15T13:51:59","guid":{"rendered":"https:\/\/www.actualidadadiario.com\/?p=121523"},"modified":"2024-10-15T10:51:59","modified_gmt":"2024-10-15T13:51:59","slug":"bajo-4-interanual-el-empleo-privado-registrado-en-entre-rios-en-2024","status":"publish","type":"post","link":"https:\/\/www.actualidadadiario.com\/index.php\/2024\/10\/15\/bajo-4-interanual-el-empleo-privado-registrado-en-entre-rios-en-2024\/","title":{"rendered":"Baj\u00f3 4% interanual el empleo privado registrado en Entre R\u00edos en 2024"},"content":{"rendered":"<p style=\"text-align: center;\"><em><strong>La provincia cuenta con 5.167 empleados privados menos en junio de 2024 respecto del mismo mes del a\u00f1o pasado<\/strong><\/em><\/p>\n<p>&nbsp;<\/p>\n<p>&nbsp;<\/p>\n<p>Seg\u00fan datos recabados por Instituto de Investigaciones Econ\u00f3micas y Sociales del Consejo Empresario de Entre R\u00edos (CEER) en junio de 2024, el registro de los empleados asalariados formales privados fue de 134.538, lo cual represent\u00f3 una disminuci\u00f3n de -4% respecto al mismo periodo del a\u00f1o anterior.<\/p>\n<p>De esa manera, seg\u00fan los datos del CEER, representan 5.167 empleados privados menos, respecto al mismo periodo del a\u00f1o anterior.<\/p>\n<p>El empleo asalariado privado en las dem\u00e1s provincias de la Regi\u00f3n Centro, tambi\u00e9n disminuy\u00f3. En Santa Fe fue de un -2,6%, lo que represent\u00f3 13.686 empleados menos, mientras que en C\u00f3rdoba fue de un -2,4% con una disminuci\u00f3n de 12.542 puestos formales menos.<\/p>\n<p>En t\u00e9rminos relativos, Entre R\u00edos tuvo 94 asalariados privados registrados por cada 1.000 habitantes, mientras que Santa Fe tuvo 139 y C\u00f3rdoba 132.<\/p>\n<p>Si Entre R\u00edos aspira a igualar este indicador con el de Santa Fe, deber\u00eda tener aproximadamente 200 mil asalariados registrados privados, que son alrededor 65 mil empleados privados m\u00e1s, es decir, una suba del 49% y para igualar a C\u00f3rdoba deber\u00eda crear aproximadamente 55 mil empleos o incrementar un 41% para alcanzar un total de 190 mil.<\/p>\n<p>&nbsp;<\/p>\n<p><strong>Empleo por actividad<\/strong><\/p>\n<p>El \u00faltimo dato disponible de empleo asalariado privado por rama de actividad en el Ministerio de Trabajo de la Naci\u00f3n Argentina muestra que, en el cuarto trimestre del 2023, los cuatro sectores con mayor cantidad de puestos de trabajo sufrieron diversas variaciones. \u201cComercio al por mayor y menor\u201d lo hizo en un 7%, \u201cIndustria manufacturera\u201d creci\u00f3 apenas en un 1%, \u201cense\u00f1anza\u201d creci\u00f3 en un 3% y, por otro lado, \u201cagricultura, ganader\u00eda, caza y silvicultura\u201d, descendi\u00f3 un -3%.<\/p>\n","protected":false},"excerpt":{"rendered":"<p>La provincia cuenta con 5.167 empleados privados menos en junio de 2024 respecto del mismo mes del a\u00f1o pasado &nbsp; &nbsp; Seg\u00fan datos recabados por Instituto de Investigaciones Econ\u00f3micas y Sociales del Consejo Empresario de Entre R\u00edos (CEER) en junio de 2024, el registro de los empleados asalariados formales privados fue de 134.538, lo cual represent\u00f3 una disminuci\u00f3n de -4% respecto al mismo periodo del a\u00f1o anterior. De esa manera, seg\u00fan los datos del CEER, representan 5.167 empleados privados menos, respecto al mismo periodo del a\u00f1o anterior. El empleo asalariado&#8230;<\/p>\n","protected":false},"author":3,"featured_media":82527,"comment_status":"closed","ping_status":"closed","sticky":false,"template":"","format":"standard","meta":[],"categories":[15],"tags":[],"_links":{"self":[{"href":"https:\/\/www.actualidadadiario.com\/index.php\/wp-json\/wp\/v2\/posts\/121523"}],"collection":[{"href":"https:\/\/www.actualidadadiario.com\/index.php\/wp-json\/wp\/v2\/posts"}],"about":[{"href":"https:\/\/www.actualidadadiario.com\/index.php\/wp-json\/wp\/v2\/types\/post"}],"author":[{"embeddable":true,"href":"https:\/\/www.actualidadadiario.com\/index.php\/wp-json\/wp\/v2\/users\/3"}],"replies":[{"embeddable":true,"href":"https:\/\/www.actualidadadiario.com\/index.php\/wp-json\/wp\/v2\/comments?post=121523"}],"version-history":[{"count":1,"href":"https:\/\/www.actualidadadiario.com\/index.php\/wp-json\/wp\/v2\/posts\/121523\/revisions"}],"predecessor-version":[{"id":121524,"href":"https:\/\/www.actualidadadiario.com\/index.php\/wp-json\/wp\/v2\/posts\/121523\/revisions\/121524"}],"wp:featuredmedia":[{"embeddable":true,"href":"https:\/\/www.actualidadadiario.com\/index.php\/wp-json\/wp\/v2\/media\/82527"}],"wp:attachment":[{"href":"https:\/\/www.actualidadadiario.com\/index.php\/wp-json\/wp\/v2\/media?parent=121523"}],"wp:term":[{"taxonomy":"category","embeddable":true,"href":"https:\/\/www.actualidadadiario.com\/index.php\/wp-json\/wp\/v2\/categories?post=121523"},{"taxonomy":"post_tag","embeddable":true,"href":"https:\/\/www.actualidadadiario.com\/index.php\/wp-json\/wp\/v2\/tags?post=121523"}],"curies":[{"name":"wp","href":"https:\/\/api.w.org\/{rel}","templated":true}]}}