{"id":121514,"date":"2024-10-15T10:48:56","date_gmt":"2024-10-15T13:48:56","guid":{"rendered":"https:\/\/www.actualidadadiario.com\/?p=121514"},"modified":"2024-10-15T10:48:56","modified_gmt":"2024-10-15T13:48:56","slug":"vialidad-nacional-informo-sobre-los-avances-de-obra-en-un-tramo-de-la-autovia-de-la-ruta-18","status":"publish","type":"post","link":"https:\/\/www.actualidadadiario.com\/index.php\/2024\/10\/15\/vialidad-nacional-informo-sobre-los-avances-de-obra-en-un-tramo-de-la-autovia-de-la-ruta-18\/","title":{"rendered":"Vialidad Nacional inform\u00f3 sobre los avances de obra en un tramo de la autov\u00eda de la Ruta 18"},"content":{"rendered":"<p style=\"text-align: center;\"><em><strong>Oficialmente se detall\u00f3 que las obras avanzan en el tramo que se extiende &#8220;desde la intersecci\u00f3n con la ruta nacional 12 hasta la localidad de Las Tunas&#8221;. Recomiendan &#8220;tomar las prevenciones correspondientes y circular con precauci\u00f3n&#8221;<\/strong><\/em><\/p>\n<p>&nbsp;<\/p>\n<p>&nbsp;<\/p>\n<p>Desde Vialidad Nacional se inform\u00f3 que &#8220;avanza la transformaci\u00f3n en autov\u00eda de la ruta nacional 18 en sus primeros 67,75 kil\u00f3metros que atraviesan las localidades de Colonia Avellaneda, Sauce Montrull y Viale&#8221;.<\/p>\n<p>Este tramo contempla la &#8220;construcci\u00f3n de la segunda calzada, retornos, intersecciones con la RN 12 y con la RP 32, tambi\u00e9n incluye obras de arte mayores en los arroyos: Sauce, Espinillo, Talita, Los Cha\u00f1ares, Las Torrillas, Ca\u00f1ada Grande, Curup\u00ed, Quebracho, Malo, Bueno y Teodoro R\u00edos; y sobre nivel en las v\u00edas del Ferrocarril General Urquiza y en la RP32&#8221;, se detall\u00f3.<\/p>\n<p>Actualmente, la repartici\u00f3n explic\u00f3 que &#8220;se ejecutan trabajos en terraplenes y construcci\u00f3n de una nueva alcantarilla en el distribuidor de la intersecci\u00f3n con la RP 32&#8221;.<\/p>\n<p>Adem\u00e1s, se trabaja en los accesos &#8220;al puente sobre el A\u00b0 Quebracho y en los terraplenes en el paso urbano por Las Tunas&#8221;.<\/p>\n<p>&nbsp;<\/p>\n<p><strong>Precauci\u00f3n<\/strong><\/p>\n<p>Por \u00faltimo, desde Vialidad se record\u00f3 que &#8220;se realizan distintos desv\u00edos en los accesos a Segu\u00ed y Viale, as\u00ed como en la intersecci\u00f3n con RP 32, por este motivo, se recomienda a los usuarios tomar las prevenciones correspondientes, circular con precauci\u00f3n respetando las velocidades m\u00e1ximas recomendadas y atender a las indicaciones de banderilleros y personal de seguridad&#8221;.<\/p>\n","protected":false},"excerpt":{"rendered":"<p>Oficialmente se detall\u00f3 que las obras avanzan en el tramo que se extiende &#8220;desde la intersecci\u00f3n con la ruta nacional 12 hasta la localidad de Las Tunas&#8221;. Recomiendan &#8220;tomar las prevenciones correspondientes y circular con precauci\u00f3n&#8221; &nbsp; &nbsp; Desde Vialidad Nacional se inform\u00f3 que &#8220;avanza la transformaci\u00f3n en autov\u00eda de la ruta nacional 18 en sus primeros 67,75 kil\u00f3metros que atraviesan las localidades de Colonia Avellaneda, Sauce Montrull y Viale&#8221;. Este tramo contempla la &#8220;construcci\u00f3n de la segunda calzada, retornos, intersecciones con la RN 12 y con la RP 32,&#8230;<\/p>\n","protected":false},"author":3,"featured_media":121515,"comment_status":"closed","ping_status":"closed","sticky":false,"template":"","format":"standard","meta":[],"categories":[15],"tags":[],"_links":{"self":[{"href":"https:\/\/www.actualidadadiario.com\/index.php\/wp-json\/wp\/v2\/posts\/121514"}],"collection":[{"href":"https:\/\/www.actualidadadiario.com\/index.php\/wp-json\/wp\/v2\/posts"}],"about":[{"href":"https:\/\/www.actualidadadiario.com\/index.php\/wp-json\/wp\/v2\/types\/post"}],"author":[{"embeddable":true,"href":"https:\/\/www.actualidadadiario.com\/index.php\/wp-json\/wp\/v2\/users\/3"}],"replies":[{"embeddable":true,"href":"https:\/\/www.actualidadadiario.com\/index.php\/wp-json\/wp\/v2\/comments?post=121514"}],"version-history":[{"count":1,"href":"https:\/\/www.actualidadadiario.com\/index.php\/wp-json\/wp\/v2\/posts\/121514\/revisions"}],"predecessor-version":[{"id":121516,"href":"https:\/\/www.actualidadadiario.com\/index.php\/wp-json\/wp\/v2\/posts\/121514\/revisions\/121516"}],"wp:featuredmedia":[{"embeddable":true,"href":"https:\/\/www.actualidadadiario.com\/index.php\/wp-json\/wp\/v2\/media\/121515"}],"wp:attachment":[{"href":"https:\/\/www.actualidadadiario.com\/index.php\/wp-json\/wp\/v2\/media?parent=121514"}],"wp:term":[{"taxonomy":"category","embeddable":true,"href":"https:\/\/www.actualidadadiario.com\/index.php\/wp-json\/wp\/v2\/categories?post=121514"},{"taxonomy":"post_tag","embeddable":true,"href":"https:\/\/www.actualidadadiario.com\/index.php\/wp-json\/wp\/v2\/tags?post=121514"}],"curies":[{"name":"wp","href":"https:\/\/api.w.org\/{rel}","templated":true}]}}