{"id":121510,"date":"2024-10-15T10:47:21","date_gmt":"2024-10-15T13:47:21","guid":{"rendered":"https:\/\/www.actualidadadiario.com\/?p=121510"},"modified":"2024-10-15T10:47:39","modified_gmt":"2024-10-15T13:47:39","slug":"parana-la-facultad-de-trabajo-social-fue-tomada-por-docentes-y-estudiantes","status":"publish","type":"post","link":"https:\/\/www.actualidadadiario.com\/index.php\/2024\/10\/15\/parana-la-facultad-de-trabajo-social-fue-tomada-por-docentes-y-estudiantes\/","title":{"rendered":"Paran\u00e1: La Facultad de Trabajo Social fue tomada por docentes y estudiantes"},"content":{"rendered":"<p style=\"text-align: center;\"><em><strong>La acci\u00f3n durar\u00e1 hasta este jueves, cuando se lleve a cabo el segundo paro nacional del mes en las Universidades. Adem\u00e1s se convoc\u00f3 a una nueva asamblea de interclaustros para el viernes a fin seguir coordinando acciones de lucha y organizar una tercera Marcha Universitaria programada para el 22 de octubre tras el veto de Milei a la Ley de Financiamiento Universitario<\/strong><\/em><\/p>\n<p>&nbsp;<\/p>\n<p>&nbsp;<\/p>\n<p>Luego de que Milei vetar\u00e1 la Ley de Financiamiento Universitario y no haya acuerdo en las paritarias, La Facultad de Trabajo Social de la UNER fue tomada por docentes y estudiantes acompa\u00f1ados de clases p\u00fablicas y actividades culturales hasta este jueves, cuando se concret\u00f3 el segundo paro nacional universitario.<\/p>\n<p>\u201cNos pronunciamos en defensa de la educaci\u00f3n p\u00fablica y contra el veto de Milei a la Ley de Financiamiento Universitario\u201d, sostuvieron a trav\u00e9s de un comunicado los interclaustros. A su vez, convocaron a una nueva asamblea para este viernes para seguir coordinando acciones de lucha y organizar la tercera Marcha Universitaria prevista para el 22 de octubre.<\/p>\n<p>\u201cConsideramos que el avasallamiento a la Universidad p\u00fablica y el grado de postergaciones en materia de derechos que se vienen orquestando para nuestro pueblo no puede esperar m\u00e1s. El ajuste presupuestario, los salarios de los docentes y no docentes a la baja, el desfinanciamiento de las becas estudiantiles (como las Progresar), el encarecimiento de los alquileres, los tarifazos (como se viene dando sobre el boleto de transporte), entre otras Medidas, nos arrastran a esta definici\u00f3n impostergada y necesaria\u201d, expresaron.<\/p>\n<p>Por otra parte, se convoc\u00f3 a sindicatos, organizaciones pol\u00edticas y sociales ya la comunidad a sumarse a las acciones que se propongan desde la toma ya acercar donaciones para que podamos bancarla, ya sea desde alimentos, art\u00edculos de limpieza y\/o aportes.<\/p>\n<p>\u201cTal como lo est\u00e1n llevando adelante en otras facultades y universidades del pa\u00eds, retomando las banderas de 1918, 1969 y 2018, por amor y compromiso a nuestra universidad hacemos un llamado al pueblo trabajador para definir las medidas necesarias para profundizar la lucha: a la educaci\u00f3n p\u00fablica no se la toca\u201d.<\/p>\n","protected":false},"excerpt":{"rendered":"<p>La acci\u00f3n durar\u00e1 hasta este jueves, cuando se lleve a cabo el segundo paro nacional del mes en las Universidades. Adem\u00e1s se convoc\u00f3 a una nueva asamblea de interclaustros para el viernes a fin seguir coordinando acciones de lucha y organizar una tercera Marcha Universitaria programada para el 22 de octubre tras el veto de Milei a la Ley de Financiamiento Universitario &nbsp; &nbsp; Luego de que Milei vetar\u00e1 la Ley de Financiamiento Universitario y no haya acuerdo en las paritarias, La Facultad de Trabajo Social de la UNER fue&#8230;<\/p>\n","protected":false},"author":3,"featured_media":121511,"comment_status":"closed","ping_status":"closed","sticky":false,"template":"","format":"standard","meta":[],"categories":[15],"tags":[],"_links":{"self":[{"href":"https:\/\/www.actualidadadiario.com\/index.php\/wp-json\/wp\/v2\/posts\/121510"}],"collection":[{"href":"https:\/\/www.actualidadadiario.com\/index.php\/wp-json\/wp\/v2\/posts"}],"about":[{"href":"https:\/\/www.actualidadadiario.com\/index.php\/wp-json\/wp\/v2\/types\/post"}],"author":[{"embeddable":true,"href":"https:\/\/www.actualidadadiario.com\/index.php\/wp-json\/wp\/v2\/users\/3"}],"replies":[{"embeddable":true,"href":"https:\/\/www.actualidadadiario.com\/index.php\/wp-json\/wp\/v2\/comments?post=121510"}],"version-history":[{"count":2,"href":"https:\/\/www.actualidadadiario.com\/index.php\/wp-json\/wp\/v2\/posts\/121510\/revisions"}],"predecessor-version":[{"id":121513,"href":"https:\/\/www.actualidadadiario.com\/index.php\/wp-json\/wp\/v2\/posts\/121510\/revisions\/121513"}],"wp:featuredmedia":[{"embeddable":true,"href":"https:\/\/www.actualidadadiario.com\/index.php\/wp-json\/wp\/v2\/media\/121511"}],"wp:attachment":[{"href":"https:\/\/www.actualidadadiario.com\/index.php\/wp-json\/wp\/v2\/media?parent=121510"}],"wp:term":[{"taxonomy":"category","embeddable":true,"href":"https:\/\/www.actualidadadiario.com\/index.php\/wp-json\/wp\/v2\/categories?post=121510"},{"taxonomy":"post_tag","embeddable":true,"href":"https:\/\/www.actualidadadiario.com\/index.php\/wp-json\/wp\/v2\/tags?post=121510"}],"curies":[{"name":"wp","href":"https:\/\/api.w.org\/{rel}","templated":true}]}}