{"id":121507,"date":"2024-10-15T10:46:07","date_gmt":"2024-10-15T13:46:07","guid":{"rendered":"https:\/\/www.actualidadadiario.com\/?p=121507"},"modified":"2024-10-15T10:46:07","modified_gmt":"2024-10-15T13:46:07","slug":"otro-peronista-se-suma-al-oficialismo-provincial","status":"publish","type":"post","link":"https:\/\/www.actualidadadiario.com\/index.php\/2024\/10\/15\/otro-peronista-se-suma-al-oficialismo-provincial\/","title":{"rendered":"Otro peronista se suma al oficialismo provincial"},"content":{"rendered":"<p style=\"text-align: center;\"><em><strong>Contin\u00faa la di\u00e1spora en el PJ entrerriano. El peronista Juan Lell, presidente comunal de Aldea Spatzenkutter sell\u00f3 su incorporaci\u00f3n al frigerismo tras un encuentro con Manuel Troncoso. Lell fue reelecto en 2023 por el Frente M\u00e1s por Entre R\u00edos. Esta semana la novedad es su salto hacia las filas de Rogelio Frigerio<\/strong><\/em><\/p>\n<p>&nbsp;<\/p>\n<p>&nbsp;<\/p>\n<p>Al argumentar su decisi\u00f3n, Lell indic\u00f3: \u201cNos sentimos muy c\u00f3modos con Rogelio. Hay di\u00e1logo permanente, nos atienden y nos resuelven las gestiones. En esa sinton\u00eda y en esa relaci\u00f3n que hemos generado a trav\u00e9s de Manuel Troncoso es que decid\u00ed sumarme al proyecto de Rogelio Frigerio. Esto de ninguna manera significa dejar de ser peronista ni perder identidad. Fui, soy y voy a seguir siendo peronista\u201d explic\u00f3.<\/p>\n<p>Sobre la actualidad del Partido Justicialista, mencion\u00f3: \u201cHoy el PJ como partido, no contiene, no hay renovaci\u00f3n dirigencial y se repiten los mismos nombres desde hace a\u00f1os. No tiene un norte. Hoy el norte es lo que propone Frigerio con una gesti\u00f3n integrada por distintos sectores, entre ellos a muchos peronistas, como su ministro de gobierno\u201d.<\/p>\n<p>Troncoso sigue cosechando dirigentes peronistas. En Concordia, su ciudad, ya hab\u00eda incorporado al ex intendente Alfredo Francolini y al ex precandidato a intendente Eduardo Asueta. Y viene de sumar a los intendentes Ariel Stucker de La Criolla y Javier Gold\u00edn de Estancia Grande, ambos distritos del departamento Concordia.<\/p>\n","protected":false},"excerpt":{"rendered":"<p>Contin\u00faa la di\u00e1spora en el PJ entrerriano. El peronista Juan Lell, presidente comunal de Aldea Spatzenkutter sell\u00f3 su incorporaci\u00f3n al frigerismo tras un encuentro con Manuel Troncoso. Lell fue reelecto en 2023 por el Frente M\u00e1s por Entre R\u00edos. Esta semana la novedad es su salto hacia las filas de Rogelio Frigerio &nbsp; &nbsp; Al argumentar su decisi\u00f3n, Lell indic\u00f3: \u201cNos sentimos muy c\u00f3modos con Rogelio. Hay di\u00e1logo permanente, nos atienden y nos resuelven las gestiones. En esa sinton\u00eda y en esa relaci\u00f3n que hemos generado a trav\u00e9s de Manuel&#8230;<\/p>\n","protected":false},"author":3,"featured_media":121508,"comment_status":"closed","ping_status":"closed","sticky":false,"template":"","format":"standard","meta":[],"categories":[15],"tags":[],"_links":{"self":[{"href":"https:\/\/www.actualidadadiario.com\/index.php\/wp-json\/wp\/v2\/posts\/121507"}],"collection":[{"href":"https:\/\/www.actualidadadiario.com\/index.php\/wp-json\/wp\/v2\/posts"}],"about":[{"href":"https:\/\/www.actualidadadiario.com\/index.php\/wp-json\/wp\/v2\/types\/post"}],"author":[{"embeddable":true,"href":"https:\/\/www.actualidadadiario.com\/index.php\/wp-json\/wp\/v2\/users\/3"}],"replies":[{"embeddable":true,"href":"https:\/\/www.actualidadadiario.com\/index.php\/wp-json\/wp\/v2\/comments?post=121507"}],"version-history":[{"count":1,"href":"https:\/\/www.actualidadadiario.com\/index.php\/wp-json\/wp\/v2\/posts\/121507\/revisions"}],"predecessor-version":[{"id":121509,"href":"https:\/\/www.actualidadadiario.com\/index.php\/wp-json\/wp\/v2\/posts\/121507\/revisions\/121509"}],"wp:featuredmedia":[{"embeddable":true,"href":"https:\/\/www.actualidadadiario.com\/index.php\/wp-json\/wp\/v2\/media\/121508"}],"wp:attachment":[{"href":"https:\/\/www.actualidadadiario.com\/index.php\/wp-json\/wp\/v2\/media?parent=121507"}],"wp:term":[{"taxonomy":"category","embeddable":true,"href":"https:\/\/www.actualidadadiario.com\/index.php\/wp-json\/wp\/v2\/categories?post=121507"},{"taxonomy":"post_tag","embeddable":true,"href":"https:\/\/www.actualidadadiario.com\/index.php\/wp-json\/wp\/v2\/tags?post=121507"}],"curies":[{"name":"wp","href":"https:\/\/api.w.org\/{rel}","templated":true}]}}