{"id":121504,"date":"2024-10-15T10:44:58","date_gmt":"2024-10-15T13:44:58","guid":{"rendered":"https:\/\/www.actualidadadiario.com\/?p=121504"},"modified":"2024-10-15T10:44:58","modified_gmt":"2024-10-15T13:44:58","slug":"con-la-biblia-de-la-austeridad-rogelio-frigerio-presenta-su-primer-presupuesto","status":"publish","type":"post","link":"https:\/\/www.actualidadadiario.com\/index.php\/2024\/10\/15\/con-la-biblia-de-la-austeridad-rogelio-frigerio-presenta-su-primer-presupuesto\/","title":{"rendered":"Con la biblia de la austeridad, Rogelio Frigerio presenta su primer presupuesto"},"content":{"rendered":"<p style=\"text-align: center;\"><em><strong>Como Milei, el gobernador lo presentar\u00e1 en persona. C\u00e1lculo de &#8220;base cero&#8221;, la novedad. Todos los ojos puestos en los fondos que destine a obra p\u00fablica<\/strong><\/em><\/p>\n<p>&nbsp;<\/p>\n<p>&nbsp;<\/p>\n<p>Este martes Rogelio Frigerio presentar\u00e1 en la C\u00e1mara de Diputados de Entre R\u00edos su primer presupuesto. Ser\u00e1 la primera vez, tambi\u00e9n, que el mensaje lo d\u00e9 el gobernador en persona, tal como ocurri\u00f3 el 15 de septiembre en el Congreso con el presidente Javier Milei.<\/p>\n<p>El texto tendr\u00e1 la particularidad de ser un presupuesto de \u201cbase cero\u201d. Otra novedad que en el Ministerio de Econom\u00eda definen como \u201cde austeridad\u201d.<\/p>\n<p>El presupuesto base cero, que si bien tiene origen en el \u00e1mbito privado se instrumenta en la Ciudad de Buenos Aires y en otras jurisdicciones, plantea rediscutir desde el principio la formulaci\u00f3n del presupuesto. El tradicional, denominado de base incremental, es el m\u00e1s com\u00fan en todas las administraciones p\u00fablicas: se toma el presupuesto del a\u00f1o anterior, se le aplica un \u00edndice de actualizaci\u00f3n (la inflaci\u00f3n del IPC) y se contin\u00faan ejecutando los programas que ya se vienen llevando a cabo.<\/p>\n<p>Para este formato del que Frigerio dar\u00e1 detalles en la Legislatura, el Ejecutivo provincial reanaliz\u00f3 cada uno de los programas vigentes para darle un nuevo perfil a la gesti\u00f3n, explicaron en la Casa Gris. Eso sucedi\u00f3, b\u00e1sicamente, porque para la metodolog\u00eda propuesta por Frigerio se exige a cada \u00e1rea empezar su proceso presupuestario desde cero, como si no hubiera existido el presupuesto del a\u00f1o anterior. As\u00ed y de este modo, programas que eventualmente no se ejecutaban y el dinero luego se reconduc\u00eda o, en otros casos, proyectos dif\u00edciles de justificar, quedan afuera de la previsi\u00f3n para el a\u00f1o siguiente.<\/p>\n<p>&nbsp;<\/p>\n<p><strong>\u201cUn presupuesto de austeridad\u201d<\/strong><\/p>\n<p>En el ala que corresponde al Ministerio de Econom\u00eda y Finanzas de la Casa de Gobierno de Entre R\u00edos destacan que se trata de \u201cun presupuesto de austeridad\u201d. Un concepto que matchea con el discurso de la motosierra del presidente Javier Milei, con la falta de recursos financieros que seg\u00fan aduce Frigerio se encontr\u00f3 el 10 de diciembre cuando asumi\u00f3 y, por sobre todas las cosas, con el feroz recorte de fondos a las provincias que instrumenta la Casa Rosada en la era libertaria.<\/p>\n<p>Otra fuente de Econom\u00eda subraya que se trata de un \u201cpresupuesto real\u201d para trabajar el a\u00f1o pr\u00f3ximo \u201ccon lo que tenemos\u201d. En el texto que el gobernador va a entregar en la Legislatura cada ministerio tuvo que sincerar su estructura. La expectativa del Ejecutivo es que el Poder Legislativo acompa\u00f1e con su voto el proyecto: en un primer a\u00f1o de gesti\u00f3n no suele privarse a un gobierno de este instrumento.<\/p>\n<p>El sinceramiento del c\u00e1lculo de gastos y recursos, seg\u00fan explican, tuvo que ver con la eliminaci\u00f3n de programas que, al menos en la lectura de la gesti\u00f3n frigerista, carec\u00edan de validez, pero que, sin embargo, podr\u00eda haberse mantenido y, luego, redirigido ese dinero a otras \u00e1reas de gobierno. Que \u201cno haya programas sin sentido\u201d, fue una orden que baj\u00f3 desde el sill\u00f3n de Urquiza y que debieron acatar en todas las \u00e1reas.<\/p>\n<p>&nbsp;<\/p>\n<p><strong>Obras en el presupuesto de Rogelio Frigerio<\/strong><\/p>\n<p>Aunque los detalles del Proyecto de Ley Presupuesto General de la Administraci\u00f3n para el ejercicio 2025 se guardan con mucho celo hasta la presentaci\u00f3n del gobernador Frigerio, Letra P pudo averiguar que las obras p\u00fablicas, uno de los \u00edtems cuyas planillas son las m\u00e1s esperadas en la Legislatura, van a comenzar a ejecutarse empezando por aquellas que queden inconclusas este a\u00f1o.<\/p>\n<p>Luego, en el recinto deber\u00e1n desglosar cu\u00e1les corresponden a las previstas por el gobierno provincial y cu\u00e1les por la administraci\u00f3n nacional, si es que se avanza en algunas de las que pasaron a la \u00f3rbita local. Restar\u00e1 observar, tambi\u00e9n, la distribuci\u00f3n de la obra p\u00fablica en los municipios de cada color pol\u00edtico. Un par\u00e1metro fundamental para medir la distancia en la relaci\u00f3n entre el partido y el gobierno.<\/p>\n<p>&nbsp;<\/p>\n<p><strong>Gesto a la bancada del PJ en el Senado<\/strong><\/p>\n<p>Como gesto al bloque del PJ en el Senado, donde el peronismo es mayor\u00eda por una banca, el gobernador recibi\u00f3 a sus integrantes durante la tercera semana de septiembre en un encuentro junto al ministro de Gobierno y Trabajo, Manuel Troncoso, para anticiparles algunos detalles del texto. Sobre todo lo que concierne a obras en los departamentos, que muchas veces son decisorias para el acompa\u00f1amiento en el recinto.<\/p>\n<p>&#8220;Seguramente incluir\u00e1 obras en distintos frentes, escuelas, hospitales; obras que son provinciales. El gobernador ha permitido que, representando a juntas, comunas y municipios, nosotros podamos analizar qu\u00e9 tiene en mente para el a\u00f1o entrante, para que sea m\u00e1s f\u00e1cil para trabajar cuando llegue a la c\u00e1mara&#8221;, dijo en ese momento Mart\u00edn Oliva, jefe de la bancada peronista, que destac\u00f3 el encuentro como &#8220;muy favorable&#8221;.<\/p>\n","protected":false},"excerpt":{"rendered":"<p>Como Milei, el gobernador lo presentar\u00e1 en persona. C\u00e1lculo de &#8220;base cero&#8221;, la novedad. Todos los ojos puestos en los fondos que destine a obra p\u00fablica &nbsp; &nbsp; Este martes Rogelio Frigerio presentar\u00e1 en la C\u00e1mara de Diputados de Entre R\u00edos su primer presupuesto. Ser\u00e1 la primera vez, tambi\u00e9n, que el mensaje lo d\u00e9 el gobernador en persona, tal como ocurri\u00f3 el 15 de septiembre en el Congreso con el presidente Javier Milei. El texto tendr\u00e1 la particularidad de ser un presupuesto de \u201cbase cero\u201d. Otra novedad que en el&#8230;<\/p>\n","protected":false},"author":3,"featured_media":121505,"comment_status":"closed","ping_status":"closed","sticky":false,"template":"","format":"standard","meta":[],"categories":[9],"tags":[],"_links":{"self":[{"href":"https:\/\/www.actualidadadiario.com\/index.php\/wp-json\/wp\/v2\/posts\/121504"}],"collection":[{"href":"https:\/\/www.actualidadadiario.com\/index.php\/wp-json\/wp\/v2\/posts"}],"about":[{"href":"https:\/\/www.actualidadadiario.com\/index.php\/wp-json\/wp\/v2\/types\/post"}],"author":[{"embeddable":true,"href":"https:\/\/www.actualidadadiario.com\/index.php\/wp-json\/wp\/v2\/users\/3"}],"replies":[{"embeddable":true,"href":"https:\/\/www.actualidadadiario.com\/index.php\/wp-json\/wp\/v2\/comments?post=121504"}],"version-history":[{"count":1,"href":"https:\/\/www.actualidadadiario.com\/index.php\/wp-json\/wp\/v2\/posts\/121504\/revisions"}],"predecessor-version":[{"id":121506,"href":"https:\/\/www.actualidadadiario.com\/index.php\/wp-json\/wp\/v2\/posts\/121504\/revisions\/121506"}],"wp:featuredmedia":[{"embeddable":true,"href":"https:\/\/www.actualidadadiario.com\/index.php\/wp-json\/wp\/v2\/media\/121505"}],"wp:attachment":[{"href":"https:\/\/www.actualidadadiario.com\/index.php\/wp-json\/wp\/v2\/media?parent=121504"}],"wp:term":[{"taxonomy":"category","embeddable":true,"href":"https:\/\/www.actualidadadiario.com\/index.php\/wp-json\/wp\/v2\/categories?post=121504"},{"taxonomy":"post_tag","embeddable":true,"href":"https:\/\/www.actualidadadiario.com\/index.php\/wp-json\/wp\/v2\/tags?post=121504"}],"curies":[{"name":"wp","href":"https:\/\/api.w.org\/{rel}","templated":true}]}}