{"id":121484,"date":"2024-10-14T15:17:06","date_gmt":"2024-10-14T18:17:06","guid":{"rendered":"https:\/\/www.actualidadadiario.com\/?p=121484"},"modified":"2024-10-14T15:17:06","modified_gmt":"2024-10-14T18:17:06","slug":"anemia-economica-la-celag-advierte-que-el-plan-del-gobierno-de-javier-milei-pone-en-riesgo-el-futuro-de-la-argentina","status":"publish","type":"post","link":"https:\/\/www.actualidadadiario.com\/index.php\/2024\/10\/14\/anemia-economica-la-celag-advierte-que-el-plan-del-gobierno-de-javier-milei-pone-en-riesgo-el-futuro-de-la-argentina\/","title":{"rendered":"&#8220;Anemia econ\u00f3mica&#8221;: la CELAG advierte que el plan del gobierno de Javier Milei pone en riesgo el futuro de la Argentina"},"content":{"rendered":"<p style=\"text-align: center;\"><em><strong>La estrategia de &#8220;anemia econ\u00f3mica&#8221; adoptada por Milei, aunque busca generar divisas a corto plazo, es insostenible y amenaza con un colapso social y econ\u00f3mico si no se implementan cambios significativos en las pol\u00edticas econ\u00f3micas, advierte un crudo informe<\/strong><\/em><\/p>\n<p>&nbsp;<\/p>\n<p>&nbsp;<\/p>\n<p>&#8220;Javier Milei recibi\u00f3 una econom\u00eda con el doble de reservas de las que tuvo N\u00e9stor Kirchner y las mismas proyecciones de bonanza proveniente del comercio exterior&#8221;, consigna el \u00faltimo informe del Centro Estrat\u00e9gico Latinoamericano de Geopol\u00edtica (CELAG), el cual sostiene que a pesar de proyecciones comerciales alentadoras para 2024, el presidente eligi\u00f3 una pol\u00edtica de &#8220;anemia econ\u00f3mica&#8221;, que implica un ajuste indiscriminado sobre toda la comunidad, &#8220;en lugar de optar por un enfoque productivista&#8221;.<\/p>\n<p>Titulado &#8220;\u00bfCu\u00e1nto necesita Milei que caiga la econom\u00eda?&#8221;, el documento plantea que a diferencia del camino productivista que eligi\u00f3 N\u00e9stor Kirchner, Milei opt\u00f3 por la estrategia de la anemia econ\u00f3mica, que &#8220;es m\u00e1s que el cl\u00e1sico ajuste, porque se apoya m\u00e1s en el conjunto de la comunidad que en el ajuste fiscal y que tiene efectos estructurales dif\u00edciles de revertir&#8221;.<\/p>\n<p>En este sentido, &#8220;aunque Milei centra su discurso en la necesidad de ajustar al sector &#8220;anti-casta&#8221;, este solo representa un tercio del esfuerzo, mientras que dos tercios de la carga recaen sobre la &#8220;comunidad&#8221;, dispara el documento.<\/p>\n<p>CELAG ejecut\u00f3 una simulaci\u00f3n de la demanda de d\u00f3lares en funci\u00f3n del tipo de cambio real y de diferentes escenarios de crecimiento econ\u00f3mico, y concluy\u00f3 que el modelo de Milei &#8220;no es compatible con el crecimiento&#8221;.<\/p>\n<p>En rigor, indica que si la econom\u00eda creciese al ritmo que prev\u00e9 el presupuesto 2025, habr\u00eda un colapso de divisas entre 2025 y 2026, dependiendo del escenario. Asimismo, indica que si la econom\u00eda se mantuviera estancada en 2025 y 2026, el riesgo mejora, &#8220;pero no lo suficiente para que no exista un colapso por insuficiencia de divisas en 2025 o 2026&#8221;.<\/p>\n<p>&#8220;Curiosamente, para que existiera un bajo riesgo de colapso, la econom\u00eda tendr\u00eda que experimentar una ca\u00edda del 9% en 2025, seguida de otro descenso del 1% en 2026. En un escenario m\u00e1s optimista, podr\u00eda haber un crecimiento modesto del 2,6% en 2025, pero con una ca\u00edda del 6,9% en 2026&#8221;, indica el informe.<\/p>\n<p>En este contexto, la opci\u00f3n por la anemia econ\u00f3mica parece ser la \u00fanica estrategia viable para Milei, aunque a costa de incrementar el riesgo de un colapso social y econ\u00f3mico. &#8220;Esto plantea la pregunta: \u00bfqu\u00e9 tipo de colapso elegir\u00e1 Milei?&#8221;, se pregunta el centro de estudios.<\/p>\n<p>&nbsp;<\/p>\n<p><strong>La opci\u00f3n de la anemia econ\u00f3mica<\/strong><\/p>\n<p>La elecci\u00f3n de Milei por la anemia econ\u00f3mica se hace evidente al comparar las circunstancias bajo las cuales asumi\u00f3 su mandato. Al inicio de su gesti\u00f3n, el saldo comercial proyectado para 2024 ofrec\u00eda una oportunidad de crecimiento que podr\u00eda haberse canalizado a trav\u00e9s de pol\u00edticas menos recesivas.<\/p>\n<p>&#8220;Sin embargo, Milei decidi\u00f3 seguir una receta de ajuste severo y deshumanizado. En su primera medida significativa, provoc\u00f3 una devaluaci\u00f3n del peso de un 118,5%, una de las m\u00e1s dr\u00e1sticas de la historia argentina, contrastando con la pol\u00edtica de Kirchner que, para sortear desaf\u00edos similares, opt\u00f3 por un enfoque m\u00e1s productivista y renegociaciones de deuda&#8221;, asegura el documento.<\/p>\n<p>Y agrega que el enfoque de Milei se basa en dos choques econ\u00f3micos simult\u00e1neos: &#8220;uno indiscriminado a la econom\u00eda que busca reducir importaciones y generar divisas, y otro focalizado en el sector p\u00fablico que busca super\u00e1vit fiscal&#8221;. Sin embargo, esta decisi\u00f3n refleja una preferencia clara por la anemia econ\u00f3mica, &#8220;percibi\u00e9ndola como la manera m\u00e1s eficiente de generar divisas a corto plazo&#8221;.<\/p>\n<p>El documento concluye que los datos muestran que el ajuste fiscal, que se concentra en el sector p\u00fablico, generar\u00eda un super\u00e1vit de entre 6,5 y 7 mil millones de d\u00f3lares en 2024, mientras que el ajuste indiscriminado que afecta a las cuentas de la comunidad podr\u00eda alcanzar un super\u00e1vit externo de aproximadamente 20 mil millones de d\u00f3lares. &#8220;Esto implica que dos tercios de la carga de la anemia econ\u00f3mica recaen sobre la &#8220;comunidad&#8221;, dejando un tercio a la parte &#8220;anti-casta&#8221; del ajuste fiscal&#8221;.<\/p>\n<p>&nbsp;<\/p>\n<p><strong>Perspectivas de crecimiento en la econom\u00eda de Milei<\/strong><\/p>\n<p>Las simulaciones realizadas por la CELAG para evaluar el ritmo de crecimiento compatible con la estabilidad de las cuentas externas muestran resultados preocupantes. &#8220;Al asumir que la abundancia de reservas internacionales es clave para la estabilidad macroecon\u00f3mica, se observ\u00f3 que, incluso con tasas de crecimiento previstas de 5% y 5,5% para 2025 y 2026, respectivamente, las reservas internacionales podr\u00edan caer a niveles peligrosamente bajos, por debajo de los 26 mil millones de d\u00f3lares proyectados para finales de 2024&#8221;.<\/p>\n<p>En un escenario de estancamiento, el an\u00e1lisis sugiere que las reservas podr\u00edan mejorar ligeramente, pero no lo suficiente para evitar un colapso. En contraste, un crecimiento moderado del 2,4% en 2025 podr\u00eda mantener las reservas por encima de los 26 mil millones en un escenario optimista, aunque esto implicar\u00eda riesgos cambiarios significativos.<\/p>\n<p>&#8220;Finalmente, si se buscara mantener las reservas por encima de ese umbral en el escenario menos optimista, se requerir\u00eda una ca\u00edda del 9% en 2025 y del 1% en 2026, lo que refleja la complejidad y gravedad de la situaci\u00f3n econ\u00f3mica&#8221;, analiza.<\/p>\n<p>As\u00ed las cosas, el documento concluye que el gobierno de Milei opt\u00f3 por la anemia econ\u00f3mica como su estrategia principal para generar divisas, a expensas del sector privado que podr\u00eda haber utilizado esos recursos para la producci\u00f3n y el consumo. &#8220;La anemia no es solo una variante extrema del ajuste neoliberal, sino que representa un enfoque indiscriminado que tiene efectos estructurales en la econom\u00eda, generando una debilidad que podr\u00eda resultar irreversible&#8221;, sostiene.<\/p>\n<p>Por \u00faltimo, destaca que es crucial diagnosticar y abordar estas cuestiones temprano para evitar da\u00f1os estructurales en la econom\u00eda argentina. &#8220;La evidencia sugiere que el modelo propuesto por Milei no es compatible con el crecimiento sostenible&#8221;. A menos que se implementen cambios significativos en las pol\u00edticas cambiarias, productivas y comerciales, es probable que el pa\u00eds enfrente un colapso debido a los efectos sociales de una depresi\u00f3n prolongada, exacerbada por la falta de reservas internacionales.<\/p>\n","protected":false},"excerpt":{"rendered":"<p>La estrategia de &#8220;anemia econ\u00f3mica&#8221; adoptada por Milei, aunque busca generar divisas a corto plazo, es insostenible y amenaza con un colapso social y econ\u00f3mico si no se implementan cambios significativos en las pol\u00edticas econ\u00f3micas, advierte un crudo informe &nbsp; &nbsp; &#8220;Javier Milei recibi\u00f3 una econom\u00eda con el doble de reservas de las que tuvo N\u00e9stor Kirchner y las mismas proyecciones de bonanza proveniente del comercio exterior&#8221;, consigna el \u00faltimo informe del Centro Estrat\u00e9gico Latinoamericano de Geopol\u00edtica (CELAG), el cual sostiene que a pesar de proyecciones comerciales alentadoras para 2024,&#8230;<\/p>\n","protected":false},"author":3,"featured_media":117972,"comment_status":"closed","ping_status":"closed","sticky":false,"template":"","format":"standard","meta":[],"categories":[18],"tags":[],"_links":{"self":[{"href":"https:\/\/www.actualidadadiario.com\/index.php\/wp-json\/wp\/v2\/posts\/121484"}],"collection":[{"href":"https:\/\/www.actualidadadiario.com\/index.php\/wp-json\/wp\/v2\/posts"}],"about":[{"href":"https:\/\/www.actualidadadiario.com\/index.php\/wp-json\/wp\/v2\/types\/post"}],"author":[{"embeddable":true,"href":"https:\/\/www.actualidadadiario.com\/index.php\/wp-json\/wp\/v2\/users\/3"}],"replies":[{"embeddable":true,"href":"https:\/\/www.actualidadadiario.com\/index.php\/wp-json\/wp\/v2\/comments?post=121484"}],"version-history":[{"count":1,"href":"https:\/\/www.actualidadadiario.com\/index.php\/wp-json\/wp\/v2\/posts\/121484\/revisions"}],"predecessor-version":[{"id":121485,"href":"https:\/\/www.actualidadadiario.com\/index.php\/wp-json\/wp\/v2\/posts\/121484\/revisions\/121485"}],"wp:featuredmedia":[{"embeddable":true,"href":"https:\/\/www.actualidadadiario.com\/index.php\/wp-json\/wp\/v2\/media\/117972"}],"wp:attachment":[{"href":"https:\/\/www.actualidadadiario.com\/index.php\/wp-json\/wp\/v2\/media?parent=121484"}],"wp:term":[{"taxonomy":"category","embeddable":true,"href":"https:\/\/www.actualidadadiario.com\/index.php\/wp-json\/wp\/v2\/categories?post=121484"},{"taxonomy":"post_tag","embeddable":true,"href":"https:\/\/www.actualidadadiario.com\/index.php\/wp-json\/wp\/v2\/tags?post=121484"}],"curies":[{"name":"wp","href":"https:\/\/api.w.org\/{rel}","templated":true}]}}