{"id":121476,"date":"2024-10-14T15:13:52","date_gmt":"2024-10-14T18:13:52","guid":{"rendered":"https:\/\/www.actualidadadiario.com\/?p=121476"},"modified":"2024-10-14T15:13:52","modified_gmt":"2024-10-14T18:13:52","slug":"se-definen-las-candidaturas-en-el-pj-que-busca-reorganizarse-rumbo-a-las-elecciones-2025","status":"publish","type":"post","link":"https:\/\/www.actualidadadiario.com\/index.php\/2024\/10\/14\/se-definen-las-candidaturas-en-el-pj-que-busca-reorganizarse-rumbo-a-las-elecciones-2025\/","title":{"rendered":"Se definen las candidaturas en el PJ, que busca reorganizarse rumbo a las elecciones 2025"},"content":{"rendered":"<p style=\"text-align: center;\"><em><strong>Ricardo Quintela y Cristina Kirchner definen los pasos a seguir en la consolidaci\u00f3n del PJ nacional, que est\u00e1 sin presidencia desde la renuncia de Alberto Fern\u00e1ndez<\/strong><\/em><\/p>\n<p>&nbsp;<\/p>\n<p>&nbsp;<\/p>\n<p>Ricardo Quintela consolida la competencia rumbo a la presidencia del Partido Justicialista (PJ) y se propuso &#8220;liberar todos los obst\u00e1culos&#8221; de las elecciones partidarias. El gobernador de La Rioja asegur\u00f3 que &#8220;le interesa&#8221; conversar con Cristina Kirchner para &#8220;escuchar qu\u00e9 es lo que planea&#8221;.<\/p>\n<p>El mandatario provincial se lanz\u00f3 la semana pasada como candidato a las elecciones del partido, que est\u00e1 ac\u00e9falo desde la renuncia del expresidente Alberto Fern\u00e1ndez, luego de que se conociera la denuncia de Fabiola Y\u00e1\u00f1ez.<\/p>\n<p>&nbsp;<\/p>\n<p><strong>Plan 2025: el Partido Justicialista busca saldar las internas<\/strong><\/p>\n<p>A poco m\u00e1s de un mes de que se celebren las elecciones del 17 de noviembre, dentro de las filas del partido comenz\u00f3 un &#8220;operativo clamor&#8221; que ped\u00eda por la candidatura de Fern\u00e1ndez de Kirchner.<\/p>\n<p>Una propuesta que ella termin\u00f3 aceptando en una carta abierta que public\u00f3 en la red social X, &#8220;para debatir en unidad&#8221;. De ganar las elecciones, se convertir\u00eda en la primera mujer en presidir el PJ nacional.<\/p>\n<p>Desde un primer panorama, el partido est\u00e1 dividido. Sin embargo, en el documento que public\u00f3 la exmandataria en sus redes sociales, hizo menci\u00f3n de la importancia de consolidar el liderazgo entre dirigentes: &#8220;Acepto el desaf\u00edo de debatir en unidad, porque si algo tengo en claro tambi\u00e9n, es que ac\u00e1 no falta nadie&#8221;.<\/p>\n<p>Quintela le puso firma a su postulaci\u00f3n y se presentar\u00e1 con la lisa &#8220;Federalismo y Justicia&#8221;. Y, en un primer momento, el partido tendr\u00eda su primera grieta. Sin embargo, el gobernador se propuso &#8220;liberar todos los obst\u00e1culos&#8221; para que no haya internas en las elecciones partidarias, que se celebrar\u00e1n en poco m\u00e1s de un mes.<\/p>\n<p>En una entrevista en C5N, el gobernador dijo este domingo que el lunes se va a contactar con el secretario de Fern\u00e1ndez de Kirchner para reunirse. &#8220;Me interesa escuchar qu\u00e9 es lo que plantea y luego ver c\u00f3mo podr\u00edamos ayudar a que esto se pueda destrabar&#8221;, dijo.<\/p>\n<p>La oposici\u00f3n se desorden\u00f3 fuertemente, luego de las elecciones presidenciales de 2023, cuando Javier Milei le gan\u00f3 a Sergio Massa en el balotaje de noviembre. El batacazo final fue la denuncia que cay\u00f3 sobre Alberto Fern\u00e1ndez.<\/p>\n<p>Ahora, es cuesti\u00f3n de barajar y dar de nuevo, con los ojos puestos en las elecciones legislativas del a\u00f1o que viene, en donde se define la nueva composici\u00f3n del Congreso.<\/p>\n","protected":false},"excerpt":{"rendered":"<p>Ricardo Quintela y Cristina Kirchner definen los pasos a seguir en la consolidaci\u00f3n del PJ nacional, que est\u00e1 sin presidencia desde la renuncia de Alberto Fern\u00e1ndez &nbsp; &nbsp; Ricardo Quintela consolida la competencia rumbo a la presidencia del Partido Justicialista (PJ) y se propuso &#8220;liberar todos los obst\u00e1culos&#8221; de las elecciones partidarias. El gobernador de La Rioja asegur\u00f3 que &#8220;le interesa&#8221; conversar con Cristina Kirchner para &#8220;escuchar qu\u00e9 es lo que planea&#8221;. El mandatario provincial se lanz\u00f3 la semana pasada como candidato a las elecciones del partido, que est\u00e1 ac\u00e9falo&#8230;<\/p>\n","protected":false},"author":3,"featured_media":121249,"comment_status":"closed","ping_status":"closed","sticky":false,"template":"","format":"standard","meta":[],"categories":[18],"tags":[],"_links":{"self":[{"href":"https:\/\/www.actualidadadiario.com\/index.php\/wp-json\/wp\/v2\/posts\/121476"}],"collection":[{"href":"https:\/\/www.actualidadadiario.com\/index.php\/wp-json\/wp\/v2\/posts"}],"about":[{"href":"https:\/\/www.actualidadadiario.com\/index.php\/wp-json\/wp\/v2\/types\/post"}],"author":[{"embeddable":true,"href":"https:\/\/www.actualidadadiario.com\/index.php\/wp-json\/wp\/v2\/users\/3"}],"replies":[{"embeddable":true,"href":"https:\/\/www.actualidadadiario.com\/index.php\/wp-json\/wp\/v2\/comments?post=121476"}],"version-history":[{"count":1,"href":"https:\/\/www.actualidadadiario.com\/index.php\/wp-json\/wp\/v2\/posts\/121476\/revisions"}],"predecessor-version":[{"id":121477,"href":"https:\/\/www.actualidadadiario.com\/index.php\/wp-json\/wp\/v2\/posts\/121476\/revisions\/121477"}],"wp:featuredmedia":[{"embeddable":true,"href":"https:\/\/www.actualidadadiario.com\/index.php\/wp-json\/wp\/v2\/media\/121249"}],"wp:attachment":[{"href":"https:\/\/www.actualidadadiario.com\/index.php\/wp-json\/wp\/v2\/media?parent=121476"}],"wp:term":[{"taxonomy":"category","embeddable":true,"href":"https:\/\/www.actualidadadiario.com\/index.php\/wp-json\/wp\/v2\/categories?post=121476"},{"taxonomy":"post_tag","embeddable":true,"href":"https:\/\/www.actualidadadiario.com\/index.php\/wp-json\/wp\/v2\/tags?post=121476"}],"curies":[{"name":"wp","href":"https:\/\/api.w.org\/{rel}","templated":true}]}}