{"id":121474,"date":"2024-10-14T15:13:15","date_gmt":"2024-10-14T18:13:15","guid":{"rendered":"https:\/\/www.actualidadadiario.com\/?p=121474"},"modified":"2024-10-14T15:13:15","modified_gmt":"2024-10-14T18:13:15","slug":"karina-milei-suma-poder-en-el-gobierno-modificaron-la-estructura-de-la-secretaria-de-la-presidencia","status":"publish","type":"post","link":"https:\/\/www.actualidadadiario.com\/index.php\/2024\/10\/14\/karina-milei-suma-poder-en-el-gobierno-modificaron-la-estructura-de-la-secretaria-de-la-presidencia\/","title":{"rendered":"Karina Milei suma poder en el Gobierno: modificaron la estructura de la Secretar\u00eda de la Presidencia"},"content":{"rendered":"<p style=\"text-align: center;\"><em><strong>El Ejecutivo oficializ\u00f3 la conformaci\u00f3n tras los cambios realizados en lo relacionado con la Direcci\u00f3n Nacional de Marca Pa\u00eds y la Vocer\u00eda de Gobierno, a cargo de Manuel Adorni<\/strong><\/em><\/p>\n<p>&nbsp;<\/p>\n<p>&nbsp;<\/p>\n<p>El Gobierno nacional oficializ\u00f3 la nueva estructura de la Secretar\u00eda de la Presidencia, a cargo de Karina Milei, que incluye a la Direcci\u00f3n Nacional de Marca Pa\u00eds, anteriormente dependiente de la Jefatura de Gabinete de Ministros y elimina la Subsecretar\u00eda de Vocer\u00eda y Comunicaci\u00f3n de Gobierno, que ya hab\u00eda sido transferida a la \u00f3rbita de Manuel Adorni.<\/p>\n<p>La nueva conformaci\u00f3n del organismo qued\u00f3 establecida mediante la publicaci\u00f3n del decreto 903\/2024 en el Bolet\u00edn Oficial. As\u00ed, el Gobierno termina de hacer efectivos los cambios realizados meses atr\u00e1s. En ese sentido, las principales modificaciones realizadas est\u00e1n relacionadas con la organizaci\u00f3n interna de la Secretar\u00eda y afecta a las siguientes \u00e1reas:<\/p>\n<p>Unidad de Auditor\u00eda Interna, a la que se le suma la Supervisi\u00f3n de Auditor\u00eda de Comunicaci\u00f3n y Medios, que viene a reemplazar a lo que fue la Supervisi\u00f3n de Auditor\u00eda de Comunicaci\u00f3n;<\/p>\n<p>Direcci\u00f3n Nacional de Marca Pa\u00eds, dependiente directamente de Karina Milei y organismo dentro del que funciona la Direcci\u00f3n de Competitividad de la Marca;<\/p>\n<p>Subsecretar\u00eda Legal, que tiene bajo su \u00f3rbita la Direcci\u00f3n de Sumarios y la Direcci\u00f3n General de Asuntos Jur\u00eddicos \u2014anteriormente, depend\u00eda de la Subsecretar\u00eda de Coordinaci\u00f3n Administrativa\u2014; la Subsecretar\u00eda de Coordinaci\u00f3n Administrativa, dentro de la que funcionan la Direcci\u00f3n General de Administraci\u00f3n \u2014en la que trabaja ahora la Coordinaci\u00f3n de Administraci\u00f3n de Comunicaci\u00f3n y Medios\u2014, Direcci\u00f3n General de Recursos Humanos y la Direcci\u00f3n General de Tecnolog\u00eda, Inform\u00e1tica y Telecomunicaciones.<\/p>\n<p>Las incorporaciones en lo relacionado con la Marca Pa\u00eds son parte del objetivo del Gobierno de captar nuevas inversiones y promover las exportaciones. De hecho, antes de sumar esta dependencia, Karina Milei absorbi\u00f3 la Fundaci\u00f3n Argentina para la Promoci\u00f3n de Inversiones y Comercio Internacional, antes a cargo de la Canciller\u00eda. Seg\u00fan precisaron a principios de junio, los cambios se deben a \u201crazones de gesti\u00f3n\u201d.<\/p>\n<p>Esta \u00e1rea asiste de forma \u201cgratuita e integral\u201d a empresas y emprendimientos nacionales para \u201cayudarlos a recorrer de punta a punta el camino exportador y expandir sus negocios en el mercado internacional\u201d. En esa l\u00ednea, ofrece herramientas y asesoramiento personalizado sobre \u201cc\u00f3mo abordar cada desaf\u00edo de su inserci\u00f3n inteligente en el mundo, desde la primera exportaci\u00f3n hasta abrir oficinas en un nuevo mercado\u201d.<\/p>\n<p>Por otro lado, en lo vinculado con la Subsecretaria de Vocer\u00eda y Comunicaci\u00f3n de Gobierno, el Ejecutivo ascendi\u00f3 a Adorni al cargo de secretario de Comunicaci\u00f3n y Medios, con amplias funciones en toda la difusi\u00f3n de los actos de gobierno, como as\u00ed tambi\u00e9n en la gesti\u00f3n y conducci\u00f3n de las radios, Canal 7 y otras empresas y productos informativos y de entretenimientos que dependen del Estado Nacional.<\/p>\n<p>M\u00e1s all\u00e1 de que en el nuevo organigrama Adorni pas\u00f3 a depender directamente del Poder Ejecutivo, el funcionario reporta pol\u00edticamente y es una de las personas de mayor confianza de la hermana del primer mandatario. Anteriormente, el vocero estaba a cargo de la Subsecretar\u00eda de Vocer\u00eda y Comunicaci\u00f3n de Gobierno y si bien ten\u00eda rango de secretario, depend\u00eda en el dise\u00f1o administrativo de la Secretar\u00eda General.<\/p>\n<p>A su vez, actualizaron las responsabilidades de cada una de las dependencias de la Secretar\u00eda General de la Presidencia. De esta manera, establecieron que la Direcci\u00f3n Nacional de Marca Pa\u00eds tendr\u00e1 la obligaci\u00f3n de Coordinar y ejecutar las acciones de promoci\u00f3n de la Marca Pa\u00eds Argentina, de acuerdo con la Estrategia Marca Pa\u00eds Argentina. Por esto mismo, entre sus principales acciones se encuentra \u201cproponer la firma de convenios y acuerdos necesarios para incorporar a los actores p\u00fablicos y privados a la Estrategia Marca Pa\u00eds Argentina\u201d, as\u00ed como tambi\u00e9n \u201cdesarrollar proyectos de normativa que conlleve la promoci\u00f3n de la Marca Pa\u00eds Argentina\u201d.<\/p>\n<p>Por otro lado, el Ejecutivo incorpor\u00f3 y homolog\u00f3 en el nomenclador de funciones ejecutivas del convenio colectivo de trabajo sectorial del personal del Sistema Nacional del Empleo P\u00fablico (SINEP).<\/p>\n","protected":false},"excerpt":{"rendered":"<p>El Ejecutivo oficializ\u00f3 la conformaci\u00f3n tras los cambios realizados en lo relacionado con la Direcci\u00f3n Nacional de Marca Pa\u00eds y la Vocer\u00eda de Gobierno, a cargo de Manuel Adorni &nbsp; &nbsp; El Gobierno nacional oficializ\u00f3 la nueva estructura de la Secretar\u00eda de la Presidencia, a cargo de Karina Milei, que incluye a la Direcci\u00f3n Nacional de Marca Pa\u00eds, anteriormente dependiente de la Jefatura de Gabinete de Ministros y elimina la Subsecretar\u00eda de Vocer\u00eda y Comunicaci\u00f3n de Gobierno, que ya hab\u00eda sido transferida a la \u00f3rbita de Manuel Adorni. La nueva&#8230;<\/p>\n","protected":false},"author":3,"featured_media":117314,"comment_status":"closed","ping_status":"closed","sticky":false,"template":"","format":"standard","meta":[],"categories":[18],"tags":[],"_links":{"self":[{"href":"https:\/\/www.actualidadadiario.com\/index.php\/wp-json\/wp\/v2\/posts\/121474"}],"collection":[{"href":"https:\/\/www.actualidadadiario.com\/index.php\/wp-json\/wp\/v2\/posts"}],"about":[{"href":"https:\/\/www.actualidadadiario.com\/index.php\/wp-json\/wp\/v2\/types\/post"}],"author":[{"embeddable":true,"href":"https:\/\/www.actualidadadiario.com\/index.php\/wp-json\/wp\/v2\/users\/3"}],"replies":[{"embeddable":true,"href":"https:\/\/www.actualidadadiario.com\/index.php\/wp-json\/wp\/v2\/comments?post=121474"}],"version-history":[{"count":1,"href":"https:\/\/www.actualidadadiario.com\/index.php\/wp-json\/wp\/v2\/posts\/121474\/revisions"}],"predecessor-version":[{"id":121475,"href":"https:\/\/www.actualidadadiario.com\/index.php\/wp-json\/wp\/v2\/posts\/121474\/revisions\/121475"}],"wp:featuredmedia":[{"embeddable":true,"href":"https:\/\/www.actualidadadiario.com\/index.php\/wp-json\/wp\/v2\/media\/117314"}],"wp:attachment":[{"href":"https:\/\/www.actualidadadiario.com\/index.php\/wp-json\/wp\/v2\/media?parent=121474"}],"wp:term":[{"taxonomy":"category","embeddable":true,"href":"https:\/\/www.actualidadadiario.com\/index.php\/wp-json\/wp\/v2\/categories?post=121474"},{"taxonomy":"post_tag","embeddable":true,"href":"https:\/\/www.actualidadadiario.com\/index.php\/wp-json\/wp\/v2\/tags?post=121474"}],"curies":[{"name":"wp","href":"https:\/\/api.w.org\/{rel}","templated":true}]}}