{"id":121470,"date":"2024-10-14T15:11:30","date_gmt":"2024-10-14T18:11:30","guid":{"rendered":"https:\/\/www.actualidadadiario.com\/?p=121470"},"modified":"2024-10-14T15:12:33","modified_gmt":"2024-10-14T18:12:33","slug":"el-papa-francisco-recibio-a-victoria-villarruel-todavia-vivo-y-usted-sobrevive-le-dijo-a-la-vicepresidenta","status":"publish","type":"post","link":"https:\/\/www.actualidadadiario.com\/index.php\/2024\/10\/14\/el-papa-francisco-recibio-a-victoria-villarruel-todavia-vivo-y-usted-sobrevive-le-dijo-a-la-vicepresidenta\/","title":{"rendered":"El papa Francisco recibi\u00f3 a Victoria Villarruel: \u201cTodav\u00eda vivo y usted, \u00bfsobrevive?\u201d, le dijo a la vicepresidenta"},"content":{"rendered":"<p style=\"text-align: center;\"><em><strong>La reuni\u00f3n dur\u00f3 una hora y tuvo lugar en la Biblioteca del Palacio Apost\u00f3lico, donde el Sumo Pont\u00edfice recibe a los jefes de Estado. Fue a agenda abierta: de la preocupaci\u00f3n por la situaci\u00f3n de ni\u00f1os y ancianos a las Malvinas<\/strong><\/em><\/p>\n<p>&nbsp;<\/p>\n<p>&nbsp;<\/p>\n<p>La vicepresidente de la Naci\u00f3n, Victoria Villarruel, qued\u00f3 muy conforme y tambi\u00e9n conmovida tras su encuentro con el papa Francisco. Al concluir la reuni\u00f3n, que tuvo una duraci\u00f3n de una hora, algo bastante excepcional para este tipo de audiencias, el Papa le pidi\u00f3 que leyera en voz alta una oraci\u00f3n de Santo Tom\u00e1s Moro que habla de la alegr\u00eda. \u201cMe conmovi\u00f3, me dijo que no perdiera yo la alegr\u00eda, que no perdiera el sentido del humor\u201d.<\/p>\n<p>\u201cAudiencia con el Santo Padre, hoy en la ciudad del Vaticano. \u00a1Gracias Santo Padre por sus palabras, consejos y por tener siempre presente a nuestra amada Argentina!\u201d, se\u00f1al\u00f3 la funcionaria en un mensaje que difundi\u00f3 en su cuenta de la red social X donde adem\u00e1s le respondi\u00f3 a un usuario que le consult\u00f3 por su vestimenta. Villarruel explic\u00f3: \u201cLas mujeres debemos vestir de negro. Hoy la mantilla es optativa en el protocolo, pero la que us\u00e9 porque es de mi abuela y me hac\u00eda ilusi\u00f3n poder usarla\u201d.<\/p>\n<p>En tanto, en un video con el que acompa\u00f1\u00f3 el mensaje, se puede escuchar a la vicepresidenta preguntarle a Francisco \u201c\u00bfC\u00f3mo est\u00e1?\u201d, a lo que el Santo Padre respondi\u00f3 \u201cTodav\u00eda vivo y usted \u00bfsobrevive?\u201d y ella se\u00f1al\u00f3: \u201cS\u00ed, yo tambi\u00e9n. Me alegra tanto verlo parado y bien\u201d.<\/p>\n<p>El Papa se mostr\u00f3 agradecido con la visita y el presente que Villarruel le llev\u00f3 que era una estatua de un caballo con su potrillo, mientras que adem\u00e1s le obsequi\u00f3 un dulce espa\u00f1ol y Francisco \u201cle entreg\u00f3 un Rosario bendecido junto a otros presentes\u201d, dijeron fuentes cercanas a la funcionaria.<\/p>\n<p>Al finalizar la audiencia Francisco le pidi\u00f3 a Villarruel \u201cno aflojar y no perder el sentido com\u00fan\u201d, mientras que ella le indic\u00f3: \u201cYo rezo por usted, pero usted rece por m\u00ed\u201d.<\/p>\n","protected":false},"excerpt":{"rendered":"<p>La reuni\u00f3n dur\u00f3 una hora y tuvo lugar en la Biblioteca del Palacio Apost\u00f3lico, donde el Sumo Pont\u00edfice recibe a los jefes de Estado. Fue a agenda abierta: de la preocupaci\u00f3n por la situaci\u00f3n de ni\u00f1os y ancianos a las Malvinas &nbsp; &nbsp; La vicepresidente de la Naci\u00f3n, Victoria Villarruel, qued\u00f3 muy conforme y tambi\u00e9n conmovida tras su encuentro con el papa Francisco. Al concluir la reuni\u00f3n, que tuvo una duraci\u00f3n de una hora, algo bastante excepcional para este tipo de audiencias, el Papa le pidi\u00f3 que leyera en voz&#8230;<\/p>\n","protected":false},"author":3,"featured_media":121473,"comment_status":"closed","ping_status":"closed","sticky":false,"template":"","format":"standard","meta":[],"categories":[18],"tags":[],"_links":{"self":[{"href":"https:\/\/www.actualidadadiario.com\/index.php\/wp-json\/wp\/v2\/posts\/121470"}],"collection":[{"href":"https:\/\/www.actualidadadiario.com\/index.php\/wp-json\/wp\/v2\/posts"}],"about":[{"href":"https:\/\/www.actualidadadiario.com\/index.php\/wp-json\/wp\/v2\/types\/post"}],"author":[{"embeddable":true,"href":"https:\/\/www.actualidadadiario.com\/index.php\/wp-json\/wp\/v2\/users\/3"}],"replies":[{"embeddable":true,"href":"https:\/\/www.actualidadadiario.com\/index.php\/wp-json\/wp\/v2\/comments?post=121470"}],"version-history":[{"count":1,"href":"https:\/\/www.actualidadadiario.com\/index.php\/wp-json\/wp\/v2\/posts\/121470\/revisions"}],"predecessor-version":[{"id":121471,"href":"https:\/\/www.actualidadadiario.com\/index.php\/wp-json\/wp\/v2\/posts\/121470\/revisions\/121471"}],"wp:featuredmedia":[{"embeddable":true,"href":"https:\/\/www.actualidadadiario.com\/index.php\/wp-json\/wp\/v2\/media\/121473"}],"wp:attachment":[{"href":"https:\/\/www.actualidadadiario.com\/index.php\/wp-json\/wp\/v2\/media?parent=121470"}],"wp:term":[{"taxonomy":"category","embeddable":true,"href":"https:\/\/www.actualidadadiario.com\/index.php\/wp-json\/wp\/v2\/categories?post=121470"},{"taxonomy":"post_tag","embeddable":true,"href":"https:\/\/www.actualidadadiario.com\/index.php\/wp-json\/wp\/v2\/tags?post=121470"}],"curies":[{"name":"wp","href":"https:\/\/api.w.org\/{rel}","templated":true}]}}