{"id":121468,"date":"2024-10-14T15:10:28","date_gmt":"2024-10-14T18:10:28","guid":{"rendered":"https:\/\/www.actualidadadiario.com\/?p=121468"},"modified":"2024-10-14T15:10:28","modified_gmt":"2024-10-14T18:10:28","slug":"milei-reclama-auditar-las-universidades-pero-demora-completar-la-agn-por-falta-de-acuerdo-con-el-pro-y-los-radicales","status":"publish","type":"post","link":"https:\/\/www.actualidadadiario.com\/index.php\/2024\/10\/14\/milei-reclama-auditar-las-universidades-pero-demora-completar-la-agn-por-falta-de-acuerdo-con-el-pro-y-los-radicales\/","title":{"rendered":"Milei reclama auditar las universidades, pero demora completar la AGN por falta de acuerdo con el PRO y los radicales"},"content":{"rendered":"<p style=\"text-align: center;\"><em><strong>La trama de porqu\u00e9 el Gobierno tiene frenada la designaci\u00f3n de los auditores por parte de Diputados. Hay tres candidatos para dos sillas. Cruce de acusaciones entre las bancadas<\/strong><\/em><\/p>\n<p>&nbsp;<\/p>\n<p>&nbsp;<\/p>\n<p>La web de la Auditor\u00eda General de la Naci\u00f3n (AGN) es elocuente: en el espacio donde est\u00e1 publicado su organigrama, no hay informaci\u00f3n debajo del subt\u00edtulo \u201cAuditores Generales designados a propuesta de la C\u00e1mara de Diputados\u201d. La demora de esos nombramientos tiene cierta importancia pol\u00edtica, porque fue parte de la discusi\u00f3n entre el Gobierno y sus aliados del PRO en la previa a votaci\u00f3n por el veto a la Ley de Financiamiento Universitario del mi\u00e9rcoles pasado. De fondo, revela un intr\u00edngulis de mayor alcance y que a\u00fan no tiene salida a la vista: los libertarios y amarillos disputan un lugar que tambi\u00e9n reclaman los radicales.<\/p>\n<p>La AGN es el organismo designado por la Ley de Educaci\u00f3n Superior para controlar las cuentas de las universidades nacionales. Su composici\u00f3n la define el Congreso y su titularidad corresponde a la principal fuerza de la oposici\u00f3n. Hoy la dirige Juan Manuel Olmos, una figura que de alg\u00fan modo sintetiza a todas las tribus peronistas: es el apoderado del PJ a nivel nacional.<\/p>\n<p>Debajo de Olmos, el directorio se compone de tres auditores designados por el Senado y tres por Diputados, que no son legisladores. Por C\u00e1mara alta ya act\u00faan Javier Fern\u00e1ndez y Mar\u00eda Graciela de la Rosa, referenciados en el peronismo, y Alejandro Nieva, del radicalismo. Pero a\u00fan est\u00e1n vacantes las designaciones por parte de la C\u00e1mara baja.<\/p>\n<p>Fue este directorio con cuatro firmas el que confirm\u00f3 el jueves que, un d\u00eda antes \u2013justo cuando Diputados bloque\u00f3 el aumento a los docentes y no docentes universitarios\u2013 hab\u00eda definido para su plan de trabajo 2025 auditar una serie de casas de altos estudios al calor del debate p\u00fablico: la Facultad de Medicina de la Universidad Nacional de Buenos Aires y las universidades p\u00fablicas de C\u00f3rdoba, La Plata, Salta, San Juan, Cuyo, Tierra del Fuego, Ant\u00e1rtida e Islas del Atl\u00e1ntico Sur; de la Patagonia San Juan Bosco, de Chilecito, de Avellaneda y del Nordeste.<\/p>\n<p>Ese plan no fue firmado por los auditores designados por Diputados porque no hay acuerdo pol\u00edtico para esos nombramientos. El nudo de la cuesti\u00f3n es una puja cruzada entre los bloques parlamentarios y, no se resolver\u00eda pronto pese a la coyuntura. De las tres sillas, el kirchnerismo ya acord\u00f3 internamente que su representante sea Juan Ignacio Forl\u00f3n, que ya tiene experiencia en el cargo. El problema est\u00e1 en qui\u00e9nes ser\u00e1n los otros dos auditores, porque tanto los libertarios, como el macrismo y los radicales tienen aspiraciones propias para esos cargos. Hay dos sillas para tres candidatos.<\/p>\n<p>El oficialismo quiere en ese lugar a Santiago Viola, abogado \u00edntimo de los hermanos Milei y Santiago Caputo y apoderado del flamante partido nacional LLA. El PRO propone al exministro macrista Jorge Triaca. Y la UCR, en acuerdo con el espacio de Miguel Pichetto y Elisa Carri\u00f3, busca ubicar al exdiputado Mario Negri. Formalmente, hasta ahora solo fueron presentados como candidatos Triaca y Negri. El problema es que el reglamento no establece textualmente que las designaciones sean por la cantidad de bancas de cada bloque, sino que deja libre la decisi\u00f3n a la negociaci\u00f3n pol\u00edtica. Los auditores generales son designados \u201cobservando la composici\u00f3n\u201d de la c\u00e1mara, dice la AGN.<\/p>\n<p>Los amarillos y violetas quisieran cerrar un acuerdo propio para correr al radicalismo, pero no tiene la suficiente fuerza en el recinto para imponer una mayor\u00eda que designe a Viola y Triaca: el blindaje de los vetos demostr\u00f3 que con otros aliados llegar\u00eda a lo sumo a 87 votos. En la vereda de enfrente, el radicalismo parece tener apalabrado al peronismo para jugar en t\u00e1ndem con Forl\u00f3n y Negri. Tras bambalinas el debate es picante.<\/p>\n<p>\u201cTenemos 150 votos a nuestro favor. Porque Negri y Forl\u00f3n salen por acuerdo de los radicales con UP, Pichetto y la Coalici\u00f3n C\u00edvica. Que la derecha elija como quieran entre Viola y Triaca\u201d, espetaron desde la UCR a los panlibertarios. \u201cLos radicales son la cuarta minor\u00eda, pero todav\u00eda no lo saben\u201d, cruzaron desde el PRO a sus exsocios en Juntos por el Cambio. \u201cEl problema no es el PRO, sino la UCR\u201d, confirmaron en la c\u00fapula de LLA. UP es la primera minor\u00eda del recinto con 99 diputados y muy atr\u00e1s lo siguen el oficialismo con 39 y el PRO con 38. La UCR tiene 33. Encuentro Federal de Pichetto suma 16, Innovaci\u00f3n Federal \u2013el espacio de los gobernadores de Salta, R\u00edo Negro y Misiones\u2013 son 11 y la CC, 6.<\/p>\n<p>El laberinto no tiene a\u00fan una salida. Ni en el oficialismo ni en la oposici\u00f3n aventuran cu\u00e1ndo se votar\u00eda el tema en el recinto. Ya se intent\u00f3 una vez y fracas\u00f3. \u201cHay que encontrar el momento y lo hacemos. Si desde el oficialismo no avanzan es porque tampoco quieren sacrificar a Triaca\u201d, amenazan en el radicalismo. \u201cNo est\u00e1 en agenda\u201d, se desentendieron los libertarios.<\/p>\n<p>La demora puede leerse como una se\u00f1al del Gobierno sobre qu\u00e9 tan prioritario le parece auditar las universidades. Uno de los principales argumentos que agit\u00f3 el Gobierno para arremeter contra la ley de financiamiento es que las universidades rechazaban ser auditadas, pese a que el art\u00edculo 7 del proyecto opositor establec\u00eda que la AGN \u201crealizar\u00e1 las auditor\u00edas, y de manera inmediata remitir\u00e1 al Congreso de la Naci\u00f3n los informes producidos junto con las observaciones formuladas, as\u00ed como tambi\u00e9n el plan de seguimiento y control a dichas observaciones\u201d.<\/p>\n<p>Por otro lado, el PRO, adem\u00e1s de apurar la conformaci\u00f3n de la AGN, tambi\u00e9n le exigi\u00f3 completar la bicameral que tiene que aprobar el plan de trabajo del organismo. Es un cuerpo de senadores y diputados que va a presidir Pichetto. Adem\u00e1s el macrismo reclam\u00f3 que Milei derogue el coto que se autoimpuso la SIGEN, que depende del Presidente, para intervenir en el control de las casas de altos estudios a partir de un dictamen del ex procurador del Tesoro, Carlos Zannini. Hasta que el Gobierno no aceite el acuerdo pol\u00edtico, la AGN seguir\u00e1 incompleta.<\/p>\n","protected":false},"excerpt":{"rendered":"<p>La trama de porqu\u00e9 el Gobierno tiene frenada la designaci\u00f3n de los auditores por parte de Diputados. Hay tres candidatos para dos sillas. Cruce de acusaciones entre las bancadas &nbsp; &nbsp; La web de la Auditor\u00eda General de la Naci\u00f3n (AGN) es elocuente: en el espacio donde est\u00e1 publicado su organigrama, no hay informaci\u00f3n debajo del subt\u00edtulo \u201cAuditores Generales designados a propuesta de la C\u00e1mara de Diputados\u201d. La demora de esos nombramientos tiene cierta importancia pol\u00edtica, porque fue parte de la discusi\u00f3n entre el Gobierno y sus aliados del PRO&#8230;<\/p>\n","protected":false},"author":3,"featured_media":119455,"comment_status":"closed","ping_status":"closed","sticky":false,"template":"","format":"standard","meta":[],"categories":[9],"tags":[],"_links":{"self":[{"href":"https:\/\/www.actualidadadiario.com\/index.php\/wp-json\/wp\/v2\/posts\/121468"}],"collection":[{"href":"https:\/\/www.actualidadadiario.com\/index.php\/wp-json\/wp\/v2\/posts"}],"about":[{"href":"https:\/\/www.actualidadadiario.com\/index.php\/wp-json\/wp\/v2\/types\/post"}],"author":[{"embeddable":true,"href":"https:\/\/www.actualidadadiario.com\/index.php\/wp-json\/wp\/v2\/users\/3"}],"replies":[{"embeddable":true,"href":"https:\/\/www.actualidadadiario.com\/index.php\/wp-json\/wp\/v2\/comments?post=121468"}],"version-history":[{"count":1,"href":"https:\/\/www.actualidadadiario.com\/index.php\/wp-json\/wp\/v2\/posts\/121468\/revisions"}],"predecessor-version":[{"id":121469,"href":"https:\/\/www.actualidadadiario.com\/index.php\/wp-json\/wp\/v2\/posts\/121468\/revisions\/121469"}],"wp:featuredmedia":[{"embeddable":true,"href":"https:\/\/www.actualidadadiario.com\/index.php\/wp-json\/wp\/v2\/media\/119455"}],"wp:attachment":[{"href":"https:\/\/www.actualidadadiario.com\/index.php\/wp-json\/wp\/v2\/media?parent=121468"}],"wp:term":[{"taxonomy":"category","embeddable":true,"href":"https:\/\/www.actualidadadiario.com\/index.php\/wp-json\/wp\/v2\/categories?post=121468"},{"taxonomy":"post_tag","embeddable":true,"href":"https:\/\/www.actualidadadiario.com\/index.php\/wp-json\/wp\/v2\/tags?post=121468"}],"curies":[{"name":"wp","href":"https:\/\/api.w.org\/{rel}","templated":true}]}}