{"id":12146,"date":"2017-05-29T10:20:51","date_gmt":"2017-05-29T13:20:51","guid":{"rendered":"http:\/\/actualidadadiario.com\/site\/?p=12146"},"modified":"2017-05-29T10:20:51","modified_gmt":"2017-05-29T13:20:51","slug":"pese-a-la-apertura-de-mercados-la-produccion-de-citricos-caera-10","status":"publish","type":"post","link":"https:\/\/www.actualidadadiario.com\/index.php\/2017\/05\/29\/pese-a-la-apertura-de-mercados-la-produccion-de-citricos-caera-10\/","title":{"rendered":"Pese a la apertura de mercados, la producci\u00f3n de c\u00edtricos caer\u00e1 10%"},"content":{"rendered":"<p><em><strong>El principal problemas para los cultivos fueron las inundaciones que afectaron el litoral y el norte del pa\u00eds. El a\u00f1o pasado se alcanz\u00f3 una producci\u00f3n total de 3 millones de toneladas<\/strong><\/em><\/p>\n<p>&nbsp;<\/p>\n<p>&nbsp;<\/p>\n<p>&nbsp;<\/p>\n<p>&nbsp;<\/p>\n<p>Ni la habilitaci\u00f3n del ingreso de los limones argentinos al mercado de los Estados Unidos, algo que finalmente se hizo efectivo el viernes pasado, ni la apertura de Brasil para las naranjas, mandarinas, pomelos y limones, podr\u00e1n contrarrestar una situaci\u00f3n que ya parece irreversible.<\/p>\n<p>&nbsp;<\/p>\n<p>Esta se relaciona con el grave da\u00f1o que causaron las constantes lluvias que cayeron sobre el litoral y el norte del pa\u00eds, durante este a\u00f1o y el anterior, que perfilan una producci\u00f3n citr\u00edcola a la baja.<\/p>\n<p>&nbsp;<\/p>\n<p>Seg\u00fan estimaciones de la Federaci\u00f3n Argentina del Citrus (Federcitrus) la ca\u00edda para este a\u00f1o ser\u00e1 como m\u00ednimo del 10%, comparado con la producci\u00f3n del a\u00f1o anterior. &#8220;Va a ser un a\u00f1o de ca\u00edda de producci\u00f3n, como m\u00ednimo un 10% menos que el a\u00f1o pasado, y se deber\u00e1 estrictamente a factores clim\u00e1ticos. Tambi\u00e9n, en el NEA se viven las consecuencias de tres a\u00f1os malos en donde los productores no invirtieron por los precios bajos de jugos y frescos&#8221;, afirm\u00f3 a El Cronista Jos\u00e9 Carbonell, presidente de Federcitrus, que adem\u00e1s a\u00f1adi\u00f3 como otra de las causas importantes el proceso gradual de p\u00e9rdida de competitividad que se registra desde hace ya varios a\u00f1os en el sector. &#8220;Tenemos problemas con el tipo de cambio y la presi\u00f3n tributaria es alt\u00edsima, pero as\u00ed y todo hoy vemos una recuperaci\u00f3n del cr\u00e9dito y hay una propuesta de mejora en la log\u00edstica que hay que verla, que ser\u00eda muy importante para el sector&#8221;, destac\u00f3 el dirigente.<\/p>\n<p>&nbsp;<\/p>\n<p>Los n\u00fameros que manejan en la Federaci\u00f3n marcan que este a\u00f1o se llegar\u00e1 a las 2,6 millones de toneladas de c\u00edtricos producidos, mientras que el a\u00f1o pasado estuvieron en el orden de las 3 millones de toneladas. El promedio de producci\u00f3n de los \u00faltimos 10 a\u00f1os rondaba las 3,5 millones de toneladas anuales, donde cerca del 60% del total pertenece a limones. Durante 2016, la Argentina export\u00f3 a diversos destinos 114.500 toneladas de c\u00edtricos dulces (principalmente naranjas y mandarinas) y 280.000 toneladas de limones, segmento en el que el pa\u00eds se posiciona como el primer productor mundial.<\/p>\n<p>&nbsp;<\/p>\n<p>Este a\u00f1o, el Ministerio de Agroindustria de la Naci\u00f3n confirm\u00f3 que la Argentina podr\u00e1 exportar nuevamente c\u00edtricos a Brasil, un mercado que se encontraba cerrado desde 2009 por cuestiones sanitarias. Esta noticia, m\u00e1s la reapertura de los Estados Unidos para los limones del norte, gener\u00f3 optimismo en el sector pese a las inundaciones, m\u00e1s all\u00e1 de que en lo inmediato no vayan a impactar en la producci\u00f3n. &#8220;Estos procesos son paulatinos y llevan su tiempo para incrementar la producci\u00f3n. Hoy tenemos capacidad para abastecer esos mercados, porque siempre est\u00e1 la chance de reducir la parte que abastece a la producci\u00f3n industrial&#8221;, afirm\u00f3 Carbonell. Adem\u00e1s, agreg\u00f3 que se trata de un sector s\u00f3lido, con bajo endeudamiento y en buenas condiciones financieras que &#8220;permiten imaginar una respuesta apropiada a la apertura de mercados&#8221;.<\/p>\n<p>&nbsp;<\/p>\n<p>Respecto de los nuevos mercados estim\u00f3 que en un principio la presencia en Estados Unidos va a ser peque\u00f1a, &#8220;casi testimonial&#8221;, pero consider\u00f3 a Brasil como un mercado con gran potencial, &#8220;que va a empezar a desarrollarse de a poco&#8221;, y que ser\u00e1 aprovechado sobre todo por el sector de c\u00edtricos dulces. &#8220;Tambi\u00e9n se est\u00e1n empezando a exportar a Corea del Sur naranjas de obligo, y vamos a volver a nuevos mercados como Vietnam e Indonesia para naranjas y mandarinas&#8221;, agreg\u00f3.<\/p>\n","protected":false},"excerpt":{"rendered":"<p>El principal problemas para los cultivos fueron las inundaciones que afectaron el litoral y el norte del pa\u00eds. El a\u00f1o pasado se alcanz\u00f3 una producci\u00f3n total de 3 millones de toneladas &nbsp; &nbsp; &nbsp; &nbsp; Ni la habilitaci\u00f3n del ingreso de los limones argentinos al mercado de los Estados Unidos, algo que finalmente se hizo efectivo el viernes pasado, ni la apertura de Brasil para las naranjas, mandarinas, pomelos y limones, podr\u00e1n contrarrestar una situaci\u00f3n que ya parece irreversible. &nbsp; Esta se relaciona con el grave da\u00f1o que causaron las&#8230;<\/p>\n","protected":false},"author":3,"featured_media":12147,"comment_status":"closed","ping_status":"closed","sticky":false,"template":"","format":"standard","meta":[],"categories":[9],"tags":[],"_links":{"self":[{"href":"https:\/\/www.actualidadadiario.com\/index.php\/wp-json\/wp\/v2\/posts\/12146"}],"collection":[{"href":"https:\/\/www.actualidadadiario.com\/index.php\/wp-json\/wp\/v2\/posts"}],"about":[{"href":"https:\/\/www.actualidadadiario.com\/index.php\/wp-json\/wp\/v2\/types\/post"}],"author":[{"embeddable":true,"href":"https:\/\/www.actualidadadiario.com\/index.php\/wp-json\/wp\/v2\/users\/3"}],"replies":[{"embeddable":true,"href":"https:\/\/www.actualidadadiario.com\/index.php\/wp-json\/wp\/v2\/comments?post=12146"}],"version-history":[{"count":1,"href":"https:\/\/www.actualidadadiario.com\/index.php\/wp-json\/wp\/v2\/posts\/12146\/revisions"}],"predecessor-version":[{"id":12148,"href":"https:\/\/www.actualidadadiario.com\/index.php\/wp-json\/wp\/v2\/posts\/12146\/revisions\/12148"}],"wp:featuredmedia":[{"embeddable":true,"href":"https:\/\/www.actualidadadiario.com\/index.php\/wp-json\/wp\/v2\/media\/12147"}],"wp:attachment":[{"href":"https:\/\/www.actualidadadiario.com\/index.php\/wp-json\/wp\/v2\/media?parent=12146"}],"wp:term":[{"taxonomy":"category","embeddable":true,"href":"https:\/\/www.actualidadadiario.com\/index.php\/wp-json\/wp\/v2\/categories?post=12146"},{"taxonomy":"post_tag","embeddable":true,"href":"https:\/\/www.actualidadadiario.com\/index.php\/wp-json\/wp\/v2\/tags?post=12146"}],"curies":[{"name":"wp","href":"https:\/\/api.w.org\/{rel}","templated":true}]}}