{"id":121457,"date":"2024-10-14T11:49:44","date_gmt":"2024-10-14T14:49:44","guid":{"rendered":"https:\/\/www.actualidadadiario.com\/?p=121457"},"modified":"2024-10-14T11:49:44","modified_gmt":"2024-10-14T14:49:44","slug":"bajan-la-tasa-del-registro-de-la-propiedad-inmueble","status":"publish","type":"post","link":"https:\/\/www.actualidadadiario.com\/index.php\/2024\/10\/14\/bajan-la-tasa-del-registro-de-la-propiedad-inmueble\/","title":{"rendered":"Bajan la tasa del registro de la propiedad inmueble"},"content":{"rendered":"<p style=\"text-align: center;\"><em><strong>Tambi\u00e9n la AFIP puso un l\u00edmite a la tasa de inter\u00e9s para planes de pago para peque\u00f1os y medianos contribuyentes<\/strong><\/em><\/p>\n<p>&nbsp;<\/p>\n<p>&nbsp;<\/p>\n<p>El Gobierno redujo la tasa del Registro de la Propiedad Inmueble de la Capital Federal y puso un l\u00edmite a la tasa de inter\u00e9s para la refinanciaci\u00f3n de planes de facilidades de pago de peque\u00f1os y medianos contribuyentes.<\/p>\n<p>El decreto 902\/2024 publicado en Bolet\u00edn Oficial, el Gobierno baj\u00f3 la tasa del registro a la propiedad inmueble de la Capital Federal del 2% al 1%.<\/p>\n<p>Este tributo especial se abona en toda inscripci\u00f3n, anotaci\u00f3n, preanotaci\u00f3n o reinscripci\u00f3n que no estuviera gravada previamente.<\/p>\n<p>Asimismo, el comunicado aclar\u00f3 que cuando el documento presentado no estableciera monto de la operaci\u00f3n, la tasa se calcular\u00e1 sobre la valuaci\u00f3n fiscal del o de los inmuebles comprendidos, vigente al momento de solicitar la registraci\u00f3n.<\/p>\n<p>Por otra parte, cuando se trate de la compra de inmuebles con destino a vivienda propia, mediante planes oficiales de vivienda, se reducir\u00e1 al 0,5% la tasa general. El extremo legal ser\u00e1 acreditado mediante declaraci\u00f3n jurada del interesado, efectuada bajo su responsabilidad civil y\/o penal, formulada en el documento respectivo.<\/p>\n<p>Esta medida entrar\u00e1 en vigencia a los 15 d\u00edas de su publicaci\u00f3n en Bolet\u00edn Oficial, es decir, el 29 de octubre.<\/p>\n<p>Por otro lado, la Administraci\u00f3n Federal de Ingresos P\u00fablicos (AFIP) fij\u00f3 un tope para la tasa de financiaci\u00f3n de los planes de facilidades de pago presentados por micro y peque\u00f1as empresas, entidades sin fines de lucro y peque\u00f1os contribuyentes.<\/p>\n<p>A trav\u00e9s de la Resoluci\u00f3n General N\u00b0 5583\/24,\u00a0 el organismo conducido por Florencia Misrahi estableci\u00f3 un l\u00edmite en la tasa de inter\u00e9s para el semestre octubre a marzo, asegurando de esta manera que la tasa de inter\u00e9s no supere a la aplicable a otros contribuyentes.<\/p>\n","protected":false},"excerpt":{"rendered":"<p>Tambi\u00e9n la AFIP puso un l\u00edmite a la tasa de inter\u00e9s para planes de pago para peque\u00f1os y medianos contribuyentes &nbsp; &nbsp; El Gobierno redujo la tasa del Registro de la Propiedad Inmueble de la Capital Federal y puso un l\u00edmite a la tasa de inter\u00e9s para la refinanciaci\u00f3n de planes de facilidades de pago de peque\u00f1os y medianos contribuyentes. El decreto 902\/2024 publicado en Bolet\u00edn Oficial, el Gobierno baj\u00f3 la tasa del registro a la propiedad inmueble de la Capital Federal del 2% al 1%. Este tributo especial se&#8230;<\/p>\n","protected":false},"author":3,"featured_media":121458,"comment_status":"closed","ping_status":"closed","sticky":false,"template":"","format":"standard","meta":[],"categories":[2],"tags":[],"_links":{"self":[{"href":"https:\/\/www.actualidadadiario.com\/index.php\/wp-json\/wp\/v2\/posts\/121457"}],"collection":[{"href":"https:\/\/www.actualidadadiario.com\/index.php\/wp-json\/wp\/v2\/posts"}],"about":[{"href":"https:\/\/www.actualidadadiario.com\/index.php\/wp-json\/wp\/v2\/types\/post"}],"author":[{"embeddable":true,"href":"https:\/\/www.actualidadadiario.com\/index.php\/wp-json\/wp\/v2\/users\/3"}],"replies":[{"embeddable":true,"href":"https:\/\/www.actualidadadiario.com\/index.php\/wp-json\/wp\/v2\/comments?post=121457"}],"version-history":[{"count":1,"href":"https:\/\/www.actualidadadiario.com\/index.php\/wp-json\/wp\/v2\/posts\/121457\/revisions"}],"predecessor-version":[{"id":121459,"href":"https:\/\/www.actualidadadiario.com\/index.php\/wp-json\/wp\/v2\/posts\/121457\/revisions\/121459"}],"wp:featuredmedia":[{"embeddable":true,"href":"https:\/\/www.actualidadadiario.com\/index.php\/wp-json\/wp\/v2\/media\/121458"}],"wp:attachment":[{"href":"https:\/\/www.actualidadadiario.com\/index.php\/wp-json\/wp\/v2\/media?parent=121457"}],"wp:term":[{"taxonomy":"category","embeddable":true,"href":"https:\/\/www.actualidadadiario.com\/index.php\/wp-json\/wp\/v2\/categories?post=121457"},{"taxonomy":"post_tag","embeddable":true,"href":"https:\/\/www.actualidadadiario.com\/index.php\/wp-json\/wp\/v2\/tags?post=121457"}],"curies":[{"name":"wp","href":"https:\/\/api.w.org\/{rel}","templated":true}]}}