{"id":121445,"date":"2024-10-14T11:44:19","date_gmt":"2024-10-14T14:44:19","guid":{"rendered":"https:\/\/www.actualidadadiario.com\/?p=121445"},"modified":"2024-10-14T11:44:19","modified_gmt":"2024-10-14T14:44:19","slug":"semana-decisiva-para-las-protestas-estudiantiles-contra-el-gobierno-clases-en-la-calle-asambleas-y-posibles-tomas","status":"publish","type":"post","link":"https:\/\/www.actualidadadiario.com\/index.php\/2024\/10\/14\/semana-decisiva-para-las-protestas-estudiantiles-contra-el-gobierno-clases-en-la-calle-asambleas-y-posibles-tomas\/","title":{"rendered":"Semana decisiva para las protestas estudiantiles contra el Gobierno: clases en la calle, asambleas y posibles tomas"},"content":{"rendered":"<p style=\"text-align: center;\"><em><strong>Tras confirmarse el veto del presidente Javier Milei a la ley de Financiamiento universitario, desde el lunes se llevar\u00e1n a cabo numerosas asambleas y posibles tomas en los establecimientos educativos<\/strong><\/em><\/p>\n<p>&nbsp;<\/p>\n<p>&nbsp;<\/p>\n<p>La C\u00e1mara de Diputados ratific\u00f3 el veto del presidente Javier Milei a la Ley de Financiamiento Universitario, que hab\u00eda sido sancionada el 13 de septiembre. Tras conseguir el tercio de votos necesarios (84) durante la jornada del mi\u00e9rcoles, se dej\u00f3 sin posibilidad de incrementar los recursos para el funcionamiento de los establecimientos de estudios de grado.<\/p>\n<p>A partir de la determinaci\u00f3n del Congreso, en diferentes puntos del pa\u00eds se llevaron a cabo protestas estudiantiles que abarcaron desde asambleas -para definir planes de lucha- hasta la toma de algunas facultades como la de Derecho de la Universidad Nacional de C\u00f3rdoba o en la Universidad Nacional de La Matanza (UNLAM).<\/p>\n<p>En el mismo sentido, La Federaci\u00f3n Nacional de Docentes Universitarios (CONADU), la Federaci\u00f3n de Docentes de las Universidades (FEDUN) y la Confederaci\u00f3n de Trabajadores de la Educaci\u00f3n (CTERA) realizaron un paro total de actividades el jueves, pocas horas despu\u00e9s de la votaci\u00f3n en la C\u00e1mara baja. Adem\u00e1s, se anunci\u00f3 una huelga nacional para el 17.<\/p>\n<p>Asimismo, estudiantes y docentes de la Facultad de Ciencias Econ\u00f3micas de la Universidad de Buenos Aires (UBA) cortaron este lunes dos carriles de la Avenida C\u00f3rdoba, frente a la Plaza Houssay, para dictar clases p\u00fablicas en rechazo al veto del presidente Javier Milei a la Ley de Financiamiento Universitario. Los alumnos tambi\u00e9n cuestionaron los dichos del jefe de Estado, quien este s\u00e1bado asegur\u00f3 que &#8220;la universidad p\u00fablica solo le sirve a los ricos&#8221; porque sus hijos &#8220;son los \u00fanicos que llegan a la universidad con los recursos, la cultura y el tiempo como para poder estudiar&#8221;.<\/p>\n<p>&nbsp;<\/p>\n<p><strong>Las palabras del presidente<\/strong><\/p>\n<p>El s\u00e1bado, el Presidente de la Naci\u00f3n insisti\u00f3 con sus cr\u00edticas a las universidades durante la inauguraci\u00f3n del Palacio Libertad Centro Cultural Domingo Faustino Sarmiento: &#8220;En un pa\u00eds donde la gran mayor\u00eda de los ni\u00f1os son pobres y no saben leer ni escribir, ni realizar una operaci\u00f3n matem\u00e1tica b\u00e1sica, el mito de la universidad gratuita se convierte en un subsidio de los pobres a los ricos&#8221;.<\/p>\n<p>Este lunes comenzar\u00e1 una semana clave para la lucha y tambi\u00e9n para el Gobierno. Habr\u00e1 decenas de asambleas universitarias en facultades de la UBA, la UNLP (La Plata), Universidad Nacional de C\u00f3rdoba, Universidad Nacional de Rosario, Universidad del Comahue, Universidad Nacional de Cuyo, los establecimientos del conurbano bonaerense y la Universidad Nacional de Tucum\u00e1n, entre otras.<\/p>\n<p>&#8220;Se va a arrepentir de vetar la ley desfinanciamiento universitario porque se est\u00e1 empezando a desatar una verdadera rebeli\u00f3n estudiantil&#8221;, expres\u00f3 Federico, estudiante de Humanidades, en C5N. Adem\u00e1s, a\u00f1adi\u00f3 que &#8220;no queremos depositar las expectativas en qui\u00e9nes traicionaron a la educaci\u00f3n p\u00fablica, nos toca a nuestra generaci\u00f3n de defender y de enfrentar a este gobierno&#8221;.<\/p>\n<p>&nbsp;<\/p>\n<p><strong>Paro Nacional Universitario<\/strong><\/p>\n<p>El Frente Sindical de Universidades Nacionales, que agrupa a todos los gremios docentes y no docentes del pa\u00eds, convoc\u00f3 a un nuevo paro nacional para el 17 de octubre y una semana de lucha a partir del lunes 21. &#8220;El Frente Sindical ha resuelto la profundizaci\u00f3n del plan de lucha con un horizonte de disputa con el gobierno nacional que nos ha privado de la herramienta de la Ley de Financiamiento Universitario&#8221;, se\u00f1alaron a trav\u00e9s de un comunicado, en el que especificaron que la huelga ser\u00e1 por 24 horas &#8220;en defensa de la universidad p\u00fablica de calidad con salarios dignos&#8221;.<\/p>\n","protected":false},"excerpt":{"rendered":"<p>Tras confirmarse el veto del presidente Javier Milei a la ley de Financiamiento universitario, desde el lunes se llevar\u00e1n a cabo numerosas asambleas y posibles tomas en los establecimientos educativos &nbsp; &nbsp; La C\u00e1mara de Diputados ratific\u00f3 el veto del presidente Javier Milei a la Ley de Financiamiento Universitario, que hab\u00eda sido sancionada el 13 de septiembre. Tras conseguir el tercio de votos necesarios (84) durante la jornada del mi\u00e9rcoles, se dej\u00f3 sin posibilidad de incrementar los recursos para el funcionamiento de los establecimientos de estudios de grado. A partir&#8230;<\/p>\n","protected":false},"author":3,"featured_media":120980,"comment_status":"closed","ping_status":"closed","sticky":false,"template":"","format":"standard","meta":[],"categories":[9],"tags":[],"_links":{"self":[{"href":"https:\/\/www.actualidadadiario.com\/index.php\/wp-json\/wp\/v2\/posts\/121445"}],"collection":[{"href":"https:\/\/www.actualidadadiario.com\/index.php\/wp-json\/wp\/v2\/posts"}],"about":[{"href":"https:\/\/www.actualidadadiario.com\/index.php\/wp-json\/wp\/v2\/types\/post"}],"author":[{"embeddable":true,"href":"https:\/\/www.actualidadadiario.com\/index.php\/wp-json\/wp\/v2\/users\/3"}],"replies":[{"embeddable":true,"href":"https:\/\/www.actualidadadiario.com\/index.php\/wp-json\/wp\/v2\/comments?post=121445"}],"version-history":[{"count":1,"href":"https:\/\/www.actualidadadiario.com\/index.php\/wp-json\/wp\/v2\/posts\/121445\/revisions"}],"predecessor-version":[{"id":121446,"href":"https:\/\/www.actualidadadiario.com\/index.php\/wp-json\/wp\/v2\/posts\/121445\/revisions\/121446"}],"wp:featuredmedia":[{"embeddable":true,"href":"https:\/\/www.actualidadadiario.com\/index.php\/wp-json\/wp\/v2\/media\/120980"}],"wp:attachment":[{"href":"https:\/\/www.actualidadadiario.com\/index.php\/wp-json\/wp\/v2\/media?parent=121445"}],"wp:term":[{"taxonomy":"category","embeddable":true,"href":"https:\/\/www.actualidadadiario.com\/index.php\/wp-json\/wp\/v2\/categories?post=121445"},{"taxonomy":"post_tag","embeddable":true,"href":"https:\/\/www.actualidadadiario.com\/index.php\/wp-json\/wp\/v2\/tags?post=121445"}],"curies":[{"name":"wp","href":"https:\/\/api.w.org\/{rel}","templated":true}]}}