{"id":121443,"date":"2024-10-14T11:43:26","date_gmt":"2024-10-14T14:43:26","guid":{"rendered":"https:\/\/www.actualidadadiario.com\/?p=121443"},"modified":"2024-10-14T11:43:26","modified_gmt":"2024-10-14T14:43:26","slug":"empleo-privado-en-argentina-la-caida-continua-pese-a-un-leve-repunte-de-la-actividad","status":"publish","type":"post","link":"https:\/\/www.actualidadadiario.com\/index.php\/2024\/10\/14\/empleo-privado-en-argentina-la-caida-continua-pese-a-un-leve-repunte-de-la-actividad\/","title":{"rendered":"Empleo privado en Argentina: la ca\u00edda contin\u00faa pese a un leve repunte de la actividad"},"content":{"rendered":"<p style=\"text-align: center;\"><em><strong>Seg\u00fan el \u00faltimo informe del SIPA, el n\u00famero de asalariados en el sector privado descendi\u00f3 a 6.207 millones, con una reducci\u00f3n de 8.900 empleos respecto al mes anterior. Desaf\u00eda las previsiones del Gobierno<\/strong><\/em><\/p>\n<p>&nbsp;<\/p>\n<p>&nbsp;<\/p>\n<p>El empleo privado en Argentina sigue en retroceso, desafiando las expectativas del Gobierno, que hab\u00eda prometido una estabilizaci\u00f3n en el mercado laboral. Seg\u00fan el \u00faltimo informe del Sistema Integrado Previsional Argentino (SIPA), elaborado por el Ministerio de Trabajo, los datos correspondientes a julio de 2024 muestran que el n\u00famero de asalariados en el sector privado descendi\u00f3 a 6.207 millones, con una reducci\u00f3n de 8.900 empleos respecto al mes anterior, lo que equivale a una contracci\u00f3n del 0,1% en t\u00e9rminos desestacionalizados.<\/p>\n<p>La tendencia negativa, que comenz\u00f3 en septiembre de 2023, se aceler\u00f3 en el primer trimestre de 2024. Aunque la velocidad de la p\u00e9rdida de empleos ha disminuido desde entonces, la ca\u00edda acumulada desde agosto de 2023 asciende a 180.500 puestos, lo que implica una reducci\u00f3n del 2,82% en 11 meses consecutivos de baja.<\/p>\n<p>A esta cifra se suman las p\u00e9rdidas en el sector p\u00fablico, donde la destrucci\u00f3n de empleos comenz\u00f3 en enero de este a\u00f1o. Durante los primeros siete meses de 2024, se recortaron 49.400 puestos de trabajo en el sector p\u00fablico, lo que eleva el total de empleos perdidos en el pa\u00eds a 207.900.<\/p>\n<p>&nbsp;<\/p>\n<p><strong>Sectores m\u00e1s afectados<\/strong><\/p>\n<p>Entre los sectores privados m\u00e1s afectados en julio destacan Hoteles y restaurantes, con una ca\u00edda del 0,4%; Agricultura, ganader\u00eda y silvicultura, con una contrataci\u00f3n del 0,3%; y los Servicios comunitarios y la Construcci\u00f3n, ambos con un descenso del 0,3%. Tambi\u00e9n se registraron retrocesos en el sector financiero, que disminuy\u00f3 un 0,3%.<\/p>\n<p>Estos datos resultan particularmente preocupantes dado que la actividad econ\u00f3mica en general registr\u00f3 un crecimiento del 1,7% durante julio, seg\u00fan el estimador mensual de la actividad econ\u00f3mica (EMAE). Este desajuste entre el repunte de la actividad y la ca\u00edda del empleo sugiere que el crecimiento reciente no ha sido suficiente para impulsar una recuperaci\u00f3n sostenible del mercado laboral.<\/p>\n<p>&nbsp;<\/p>\n<p><strong>Comportamiento salarial y expectativas<\/strong><\/p>\n<p>A pesar de la ca\u00edda en los empleos, el salario promedio en el sector privado mostr\u00f3 un aumento del 7,4% en julio, ubic\u00e1ndose en $1.234.036. Este incremento permiti\u00f3 una leve recuperaci\u00f3n en t\u00e9rminos reales, de esta forma el crecimiento en los salarios compens\u00f3 la ca\u00edda de los puestos de trabajo y la masa salarial del sector privado contin\u00faa recuper\u00e1ndose.<\/p>\n<p>La Encuesta de Indicadores Laborales (EIL) mostr\u00f3 una contracci\u00f3n adicional del 0,1% en el empleo privado registrado en empresas de m\u00e1s de 10 empleados en aglomerados urbanos durante agosto de 2024, aunque la magnitud de la ca\u00edda fue menor que en meses anteriores. Entre los sectores, el transporte fue uno de los pocos que experiment\u00f3 un nivel de recuperaci\u00f3n (0,2%), mientras que otros, como la construcci\u00f3n y los servicios financieros, mantuvieron sus niveles sin cambios.<\/p>\n<p>Por tama\u00f1o de empresa, el empleo en las medianas empresas (50-199 empleados) creci\u00f3 un 0,1%, pero tanto las peque\u00f1as (10-49 empleados) como las grandes (m\u00e1s de 200 empleados) registraron ca\u00eddas.<\/p>\n<p>&nbsp;<\/p>\n<p><strong>Perspectivas futuras<\/strong><\/p>\n<p>La demanda laboral parece estar en niveles hist\u00f3ricamente bajos, con una tasa de b\u00fasqueda de nuevos empleados que se ubic\u00f3 en 1,8% en agosto, por debajo de los niveles de a\u00f1os anteriores, a excepci\u00f3n de 2018.<\/p>\n<p>El empleo suspendido, que hab\u00eda mostrado una tendencia creciente en los \u00faltimos a\u00f1os, registr\u00f3 su segundo mes consecutivo de ca\u00edda, acerc\u00e1ndose a los niveles previos a la pandemia. Sin embargo, los despidos sin causa, aunque se incrementaron levemente en agosto, contin\u00faan siendo bajos en comparaci\u00f3n con a\u00f1os anteriores.<\/p>\n<p>A pesar de estos desaf\u00edos, las expectativas de las empresas respecto a la contrataci\u00f3n de personal parecen mejorar por tercer mes consecutivo. En agosto, el 5,3% de las empresas encuestadas indicaron que esperan realizar cambios en su plantilla durante los pr\u00f3ximos tres meses, y de estas, el 3,8% anticipa un aumento de personal, mientras que solo el 1,5% espera recortes. Esto da lugar a unas expectativas netas positivas del 2,3%, lo que sugiere una leve mejora en el horizonte.<\/p>\n<p>&nbsp;<\/p>\n<p><strong>Conclusi\u00f3n<\/strong><\/p>\n<p>El mercado laboral argentino enfrenta un desaf\u00edo considerable. La ca\u00edda sostenida del empleo privado, junto con las dificultades del sector p\u00fablico, refleja un panorama complejo, pese a los signos de recuperaci\u00f3n econ\u00f3mica. Aunque el salario real ha mostrado cierta mejora y las expectativas de contrataci\u00f3n son moderadamente optimistas, las cifras de empleo indican que una recuperaci\u00f3n s\u00f3lida a\u00fan parece distante.<\/p>\n<p>El consumo privado es un componente fundamental para impulsar la recuperaci\u00f3n de la econom\u00eda. Sin embargo, para que este consumo sea reactivo, no solo es necesario recomponer los salarios, sino tambi\u00e9n aumentar la cantidad de empleos disponibles. Esta creaci\u00f3n de empleo debe estar impulsada principalmente por el sector privado, que tiene el potencial de generar el crecimiento sostenible necesario para consolidar la recuperaci\u00f3n econ\u00f3mica a largo plazo. Las pol\u00edticas p\u00fablicas deber\u00e1n enfocarse en revertir la tendencia de destrucci\u00f3n de empleo, garantizando que el repunte de la actividad econ\u00f3mica se traduzca en un fortalecimiento del mercado laboral.<\/p>\n","protected":false},"excerpt":{"rendered":"<p>Seg\u00fan el \u00faltimo informe del SIPA, el n\u00famero de asalariados en el sector privado descendi\u00f3 a 6.207 millones, con una reducci\u00f3n de 8.900 empleos respecto al mes anterior. Desaf\u00eda las previsiones del Gobierno &nbsp; &nbsp; El empleo privado en Argentina sigue en retroceso, desafiando las expectativas del Gobierno, que hab\u00eda prometido una estabilizaci\u00f3n en el mercado laboral. Seg\u00fan el \u00faltimo informe del Sistema Integrado Previsional Argentino (SIPA), elaborado por el Ministerio de Trabajo, los datos correspondientes a julio de 2024 muestran que el n\u00famero de asalariados en el sector privado&#8230;<\/p>\n","protected":false},"author":3,"featured_media":116358,"comment_status":"closed","ping_status":"closed","sticky":false,"template":"","format":"standard","meta":[],"categories":[9],"tags":[],"_links":{"self":[{"href":"https:\/\/www.actualidadadiario.com\/index.php\/wp-json\/wp\/v2\/posts\/121443"}],"collection":[{"href":"https:\/\/www.actualidadadiario.com\/index.php\/wp-json\/wp\/v2\/posts"}],"about":[{"href":"https:\/\/www.actualidadadiario.com\/index.php\/wp-json\/wp\/v2\/types\/post"}],"author":[{"embeddable":true,"href":"https:\/\/www.actualidadadiario.com\/index.php\/wp-json\/wp\/v2\/users\/3"}],"replies":[{"embeddable":true,"href":"https:\/\/www.actualidadadiario.com\/index.php\/wp-json\/wp\/v2\/comments?post=121443"}],"version-history":[{"count":1,"href":"https:\/\/www.actualidadadiario.com\/index.php\/wp-json\/wp\/v2\/posts\/121443\/revisions"}],"predecessor-version":[{"id":121444,"href":"https:\/\/www.actualidadadiario.com\/index.php\/wp-json\/wp\/v2\/posts\/121443\/revisions\/121444"}],"wp:featuredmedia":[{"embeddable":true,"href":"https:\/\/www.actualidadadiario.com\/index.php\/wp-json\/wp\/v2\/media\/116358"}],"wp:attachment":[{"href":"https:\/\/www.actualidadadiario.com\/index.php\/wp-json\/wp\/v2\/media?parent=121443"}],"wp:term":[{"taxonomy":"category","embeddable":true,"href":"https:\/\/www.actualidadadiario.com\/index.php\/wp-json\/wp\/v2\/categories?post=121443"},{"taxonomy":"post_tag","embeddable":true,"href":"https:\/\/www.actualidadadiario.com\/index.php\/wp-json\/wp\/v2\/tags?post=121443"}],"curies":[{"name":"wp","href":"https:\/\/api.w.org\/{rel}","templated":true}]}}