{"id":121440,"date":"2024-10-14T10:57:02","date_gmt":"2024-10-14T13:57:02","guid":{"rendered":"https:\/\/www.actualidadadiario.com\/?p=121440"},"modified":"2024-10-14T10:57:02","modified_gmt":"2024-10-14T13:57:02","slug":"frigerio-junto-a-llaryora-pullaro-y-cornejo-expondra-ante-la-comision-de-presupuesto-de-diputados","status":"publish","type":"post","link":"https:\/\/www.actualidadadiario.com\/index.php\/2024\/10\/14\/frigerio-junto-a-llaryora-pullaro-y-cornejo-expondra-ante-la-comision-de-presupuesto-de-diputados\/","title":{"rendered":"Frigerio junto a Llaryora, Pullaro y Cornejo expondr\u00e1 ante la Comisi\u00f3n de Presupuesto de Diputados"},"content":{"rendered":"<p style=\"text-align: center;\"><em><strong>Los gobernadores ya tienen la mira puesta en 2025 y en el debate del primer presupuesto dise\u00f1ado por la administraci\u00f3n libertaria. Si bien en la Casa Rosada creen que contar\u00e1n con el aval general de los mandatarios, varios de ellos ponen en duda que vayan a dar un apoyo irrestricto. Est\u00e1n decididos a plantear que lleg\u00f3 el momento de que el gabinete empiece a cumplir las promesas de recursos que les viene realizando. Las se\u00f1ales marcan que comenzar\u00e1 un nuevo round<\/strong><\/em><\/p>\n<p>&nbsp;<\/p>\n<p>&nbsp;<\/p>\n<p>&nbsp;<\/p>\n<p>En el bloque de gobernadores de Juntos por el Cambio (JxC) dan por sentado un &#8220;endurecimiento&#8221;, de su parte, en las negociaciones. Incluso, mencionan que eso ya empez\u00f3 a verse en c\u00f3mo votaron los diputados que les responden el veto de Javier Milei a la ley de financiamiento universitario. Y ratifican que este a\u00f1o las provincias est\u00e1n entre las mayores aportantes al ajuste.<\/p>\n<p>Seg\u00fan la Asociaci\u00f3n Argentina de Presupuesto y Administraci\u00f3n Financiera P\u00fablica (Asap), en los primeros nueve meses del a\u00f1o los giros corrientes a provincias cayeron 69,8% real interanual y los de capital nada menos que 95,4%.<\/p>\n<p>Las transferencias a provincias y municipios proyectadas para 2025 suman $3,6 billones ($3,3 billones son giros corrientes), equivalentes al 3,1% del gasto total. La suba ser\u00eda del 69,9% respecto al cierre estimado para este a\u00f1o, impulsado principalmente por las transferencias corrientes (77,4%) y, en menor medida, por las de capital (21,1%). Politikon Chaco detalla que el alza es casi del doble que el gasto general (32,8%), pero no se puede afinar el an\u00e1lisis porque no hay desagregados.<\/p>\n<p>Un factor clave es la asignaci\u00f3n de m\u00e1s recursos para la Ciudad de Buenos Aires (CABA) por el pago del 2,95% de coparticipaci\u00f3n, en cumplimiento del acuerdo al que a fines del mes pasado llegaron Luis Caputo y el alcalde Jorge Macri a instancias de la Corte Suprema de Justicia.<\/p>\n<p>Solamente cumplir con CABA y que Anses empiece a transferir fondos a los 13 sistemas previsionales en manos de las provincias &#8220;podr\u00eda consumir todo el volumen presupuestado e, incluso, se quedar\u00edan cortos&#8221;, grafica el economista Alejandro Pegoraro.<\/p>\n<p>&#8220;Defaulteadores seriales de promesas&#8221;, es el concepto que acu\u00f1\u00f3 un grupo de gobernadores para referirse ir\u00f3nicamente a representantes de la Casa Rosada que les aseguran peri\u00f3dicamente que &#8220;ya se solucionan, estamos en eso&#8221;, cuando les plantean problemas como los cero pesos para las cajas de jubilaciones no transferidas o los recursos prometidos para obras p\u00fablicas transferidas.<\/p>\n<p>Esa lectura es compartida, por ejemplo, por el cordob\u00e9s Mart\u00edn Llaryora, por el neuquino Rolando Figueroa, el santacruce\u00f1o Claudio Vidal, el salte\u00f1o Gustavo S\u00e1enz y por el rionegrino Alberto Wereltinek. Incluso los mandatarios m\u00e1s consecuentes con Milei, como los peronistas Osvaldo Jaldo (Tucum\u00e1n) y Ra\u00fal Jalil (Catamarca) admiten que apoyan aun cuando tienen &#8220;asuntos pendientes&#8221; con Naci\u00f3n.<\/p>\n<p>La pr\u00f3xima semana Llaryora, Maximiliano Pullaro (Santa Fe), Alfredo Cornejo (Mendoza) y Rogelio Frigerio (Entre R\u00edos) ir\u00e1n a la comisi\u00f3n de Presupuesto de la C\u00e1mara de Diputados para hablar de la situaci\u00f3n que viven las provincias, repasar las presentaciones ante la Corte Suprema de Justicia y actualizar los temas que vienen planteando al gabinete.<\/p>\n<p>Cuando Milei present\u00f3 el proyecto de presupuesto en el Congreso dijo que las provincias deber\u00edan reducir U$S60.000 millones los gastos en 2025, cifra que despu\u00e9s fue relativizada por el diputado Jos\u00e9 Luis Espert, presidente de la comisi\u00f3n de Presupuesto, quien habl\u00f3 de U$S25.000 millones. Los gobernadores reaccionaron inmediatamente y la Rosada intent\u00f3 bajar la espuma en una reuni\u00f3n con Luis Caputo y Guillermo Francos.<\/p>\n<p>No hubo representantes de Buenos Aires, La Rioja, Tierra del Fuego y Formosa. De hecho, el bonaerense Axel Kicillof y el riojano Ricardo Quintela son dos de los principales cr\u00edticos de la administraci\u00f3n libertaria. Ambos integran las filas del peronismo. En el caso de Kicillof, su administraci\u00f3n intenta reemplazar con fondos propios la retirada del gobierno nacional, aunque dif\u00edcilmente esa pol\u00edtica sea sostenible en el tiempo.<\/p>\n<p>En el peronismo anticipan un rechazo liso y llano al presupuesto 2025 tal como lo proyectaron Milei y Caputo. &#8220;El presidente habl\u00f3 de un ajuste de 60 mil millones de d\u00f3lares en las provincias. Luego el jefe de Gabinete acomod\u00f3 ese n\u00famero a 20 mil millones de d\u00f3lares. Esa \u00faltima cifra es una ficci\u00f3n, porque eso representa la recaudaci\u00f3n total del pa\u00eds en dos meses y ser\u00eda imposible que las provincias achiquen eso&#8221;, advirti\u00f3 Guillermo Michel, integrante de la gesti\u00f3n de Sergio Massa en su paso por el ministerio de Econom\u00eda.<\/p>\n<p>Con fondos propios las provincias vienen cubriendo los giros que Anses incumple para 13 cajas de jubilaciones. Cuatro tienen presentaciones ante la Corte Suprema de Justicia. El art\u00edculo 59 del proyecto de presupuesto establece un cr\u00e9dito presupuestario de $ 254.421 millones para esos giros y a\u00f1ade que &#8220;solo podr\u00e1n requerir el pago de los anticipos a cuenta, aquellas provincias que tuvieran un d\u00e9ficit reconocido, ya sea provisorio o definitivo, que surja de un acuerdo&#8221; con Anses de 2021 &#8220;o posterior&#8221;.<\/p>\n<p>Osvaldo Giordano, extitular de Anses y actual director del Ieral de la Fundaci\u00f3n Mediterr\u00e1nea, analiza que &#8220;se mantiene la discrecionalidad&#8221; para las transferencias, a la vez que tambi\u00e9n siguen las asignaciones espec\u00edficas de impuestos coparticipables para financiar a Anses. Incluso, en el supuesto caso de que el organismo decidiera pagar, los fondos presupuestados no alcanzan para cubrir el stock de deuda acumulado y reiniciar los giros.<\/p>\n<p>La Fundaci\u00f3n Encuentro, un espacio impulsado hace dos a\u00f1os por Miguel Pichetto, estima que si la iniciativa del presupuesto se aprobara sin cambios, las provincias perder\u00edan US$ 5.000 millones (al tipo de cambio previsto para diciembre 2025) por la eliminaci\u00f3n de tres asignaciones espec\u00edficas al r\u00e9gimen de previsi\u00f3n social: 11% de IVA; los fondos y fideicomisos del impuesto a los combustibles, y el componente impositivo del monotributo que se asigna a la Seguridad Social.<\/p>\n","protected":false},"excerpt":{"rendered":"<p>Los gobernadores ya tienen la mira puesta en 2025 y en el debate del primer presupuesto dise\u00f1ado por la administraci\u00f3n libertaria. Si bien en la Casa Rosada creen que contar\u00e1n con el aval general de los mandatarios, varios de ellos ponen en duda que vayan a dar un apoyo irrestricto. Est\u00e1n decididos a plantear que lleg\u00f3 el momento de que el gabinete empiece a cumplir las promesas de recursos que les viene realizando. Las se\u00f1ales marcan que comenzar\u00e1 un nuevo round &nbsp; &nbsp; &nbsp; En el bloque de gobernadores de&#8230;<\/p>\n","protected":false},"author":3,"featured_media":121441,"comment_status":"closed","ping_status":"closed","sticky":false,"template":"","format":"standard","meta":[],"categories":[15],"tags":[],"_links":{"self":[{"href":"https:\/\/www.actualidadadiario.com\/index.php\/wp-json\/wp\/v2\/posts\/121440"}],"collection":[{"href":"https:\/\/www.actualidadadiario.com\/index.php\/wp-json\/wp\/v2\/posts"}],"about":[{"href":"https:\/\/www.actualidadadiario.com\/index.php\/wp-json\/wp\/v2\/types\/post"}],"author":[{"embeddable":true,"href":"https:\/\/www.actualidadadiario.com\/index.php\/wp-json\/wp\/v2\/users\/3"}],"replies":[{"embeddable":true,"href":"https:\/\/www.actualidadadiario.com\/index.php\/wp-json\/wp\/v2\/comments?post=121440"}],"version-history":[{"count":1,"href":"https:\/\/www.actualidadadiario.com\/index.php\/wp-json\/wp\/v2\/posts\/121440\/revisions"}],"predecessor-version":[{"id":121442,"href":"https:\/\/www.actualidadadiario.com\/index.php\/wp-json\/wp\/v2\/posts\/121440\/revisions\/121442"}],"wp:featuredmedia":[{"embeddable":true,"href":"https:\/\/www.actualidadadiario.com\/index.php\/wp-json\/wp\/v2\/media\/121441"}],"wp:attachment":[{"href":"https:\/\/www.actualidadadiario.com\/index.php\/wp-json\/wp\/v2\/media?parent=121440"}],"wp:term":[{"taxonomy":"category","embeddable":true,"href":"https:\/\/www.actualidadadiario.com\/index.php\/wp-json\/wp\/v2\/categories?post=121440"},{"taxonomy":"post_tag","embeddable":true,"href":"https:\/\/www.actualidadadiario.com\/index.php\/wp-json\/wp\/v2\/tags?post=121440"}],"curies":[{"name":"wp","href":"https:\/\/api.w.org\/{rel}","templated":true}]}}