{"id":121438,"date":"2024-10-14T10:55:55","date_gmt":"2024-10-14T13:55:55","guid":{"rendered":"https:\/\/www.actualidadadiario.com\/?p=121438"},"modified":"2024-10-14T10:55:55","modified_gmt":"2024-10-14T13:55:55","slug":"conflicto-docente-esta-semana-habra-asambleas-en-escuelas-y-congreso-de-agmer","status":"publish","type":"post","link":"https:\/\/www.actualidadadiario.com\/index.php\/2024\/10\/14\/conflicto-docente-esta-semana-habra-asambleas-en-escuelas-y-congreso-de-agmer\/","title":{"rendered":"Conflicto docente: esta semana habr\u00e1 asambleas en escuelas y congreso de Agmer"},"content":{"rendered":"<p style=\"text-align: center;\"><em><strong>En el plenario de secretarios generales se defini\u00f3 realizar un Congreso provincial este jueves 17 de octubre. Entre martes y mi\u00e9rcoles, los docentes debatir\u00e1n en las escuelas los mandatos y evaluar\u00e1n las posibles medidas a adoptar<\/strong><\/em><\/p>\n<p>&nbsp;<\/p>\n<p>&nbsp;<\/p>\n<p>\u201cSeguimos exigiendo al gobierno provincial un salario digno, primera condici\u00f3n pedag\u00f3gica para sostener la escuela p\u00fablica\u201d, se\u00f1al\u00f3 la semana pasada el plenario de secretarios generales de la Asociaci\u00f3n Gremial del Magisterio de Entre R\u00edos (Agmer).<\/p>\n<p>Durante la reuni\u00f3n se defini\u00f3 la realizaci\u00f3n de asambleas en las escuelas durante este martes y mi\u00e9rcoles para definir el jueves, en un Congreso su adopta nuevas medidas de fuerza en el marco de los reclamos salariales que llevan adelante los gremios docentes al Ejecutivo entrerriano.<\/p>\n<p>&nbsp;<\/p>\n<p><strong>Asambleas y congreso<\/strong><\/p>\n<p>Mart\u00edn Tactagi, secretario adjunto de AGMER Paran\u00e1, expres\u00f3 a Elonce que \u201cresolvimos realizar un Congreso el pr\u00f3ximo jueves, 17 de octubre, para ver c\u00f3mo seguimos con las discusiones en funci\u00f3n de lo que el gobierno provincial a\u00fan no nos ha contestado\u201d.<\/p>\n<p>Destac\u00f3 que \u201cla cuesti\u00f3n salarial est\u00e1 totalmente atrasada, el gobierno la pag\u00f3 de manera unilateral sin tener discusi\u00f3n con nosotros, a pesar de que la rechazamos en distintas oportunidades. Paga un bono Fonid, que es en negro, que no es remunerativo y que desfinancia la Caja de Jubilaciones, no llega a los jubilados. Est\u00e1 lejos de nuestras necesidades. Todas las escuelas discutir\u00e1n entre martes y mi\u00e9rcoles qu\u00e9 hacer frente a la no respuesta del gobierno\u201d.<\/p>\n<p>&nbsp;<\/p>\n<p><strong>Solicitan el cese de las Declaraciones Juradas<\/strong><\/p>\n<p>Asimismo, desde el gremio emitieron un comunicado en el que exigen a las autoridades provinciales de la Departamental de Escuelas \u201cel inmediato cese de las v\u00edas de hecho implementadas\u201d y \u201cse abstengan a efectuar intimaciones contrarias a las normas vigentes\u201d.<\/p>\n<p>Indicaron que, ante las numerosas consultas recibidas en el sindicato, \u201cvolvemos a insistir ante la comunidad escolar que quienes presentaron revocatoria de la resoluci\u00f3n 2771\/24 CGE o comunicaron expresamente su manifestaci\u00f3n de voluntad respecto de dicha resoluci\u00f3n, no aceptaron la propuesta de cargar la informaci\u00f3n que la misma contiene y miles de trabajadores, a trav\u00e9s de esa presentaci\u00f3n, cuestionaron su validez legal\u201d.<\/p>\n<p>Aclararon que, en dichos casos, \u201cno corresponde llevar adelante la carga de datos, porque no se ha aceptado la propuesta que contiene la Resoluci\u00f3n 2771\/24 CGE\u201d.<\/p>\n<p>Por otra parte, expresaron que \u201crequerimos den cumplimiento a las disposiciones relativas a los actos administrativos y las formas de notificaci\u00f3n que establecen la Ley 7060 y la Resoluci\u00f3n 2768\/24 CGE, lo contrario implicar\u00eda un ejercicio abusivo de poder y posible incumplimiento a deberes de funcionario\u201d.<\/p>\n<p>Remarcaron que \u201clos documentos sin firma son inv\u00e1lidos. Los correos electr\u00f3nicos que no cumplen con la Resoluci\u00f3n 2768\/24 CGE son inv\u00e1lidos y carecen de poder de notificaci\u00f3n. Las Circulares del CGE no constituyen normativa, sino instrumentos aclaratorios. La Resoluci\u00f3n 2566\/16 CGE est\u00e1 suspendida\u201d.<\/p>\n","protected":false},"excerpt":{"rendered":"<p>En el plenario de secretarios generales se defini\u00f3 realizar un Congreso provincial este jueves 17 de octubre. Entre martes y mi\u00e9rcoles, los docentes debatir\u00e1n en las escuelas los mandatos y evaluar\u00e1n las posibles medidas a adoptar &nbsp; &nbsp; \u201cSeguimos exigiendo al gobierno provincial un salario digno, primera condici\u00f3n pedag\u00f3gica para sostener la escuela p\u00fablica\u201d, se\u00f1al\u00f3 la semana pasada el plenario de secretarios generales de la Asociaci\u00f3n Gremial del Magisterio de Entre R\u00edos (Agmer). Durante la reuni\u00f3n se defini\u00f3 la realizaci\u00f3n de asambleas en las escuelas durante este martes y mi\u00e9rcoles&#8230;<\/p>\n","protected":false},"author":3,"featured_media":104267,"comment_status":"closed","ping_status":"closed","sticky":false,"template":"","format":"standard","meta":[],"categories":[15],"tags":[],"_links":{"self":[{"href":"https:\/\/www.actualidadadiario.com\/index.php\/wp-json\/wp\/v2\/posts\/121438"}],"collection":[{"href":"https:\/\/www.actualidadadiario.com\/index.php\/wp-json\/wp\/v2\/posts"}],"about":[{"href":"https:\/\/www.actualidadadiario.com\/index.php\/wp-json\/wp\/v2\/types\/post"}],"author":[{"embeddable":true,"href":"https:\/\/www.actualidadadiario.com\/index.php\/wp-json\/wp\/v2\/users\/3"}],"replies":[{"embeddable":true,"href":"https:\/\/www.actualidadadiario.com\/index.php\/wp-json\/wp\/v2\/comments?post=121438"}],"version-history":[{"count":1,"href":"https:\/\/www.actualidadadiario.com\/index.php\/wp-json\/wp\/v2\/posts\/121438\/revisions"}],"predecessor-version":[{"id":121439,"href":"https:\/\/www.actualidadadiario.com\/index.php\/wp-json\/wp\/v2\/posts\/121438\/revisions\/121439"}],"wp:featuredmedia":[{"embeddable":true,"href":"https:\/\/www.actualidadadiario.com\/index.php\/wp-json\/wp\/v2\/media\/104267"}],"wp:attachment":[{"href":"https:\/\/www.actualidadadiario.com\/index.php\/wp-json\/wp\/v2\/media?parent=121438"}],"wp:term":[{"taxonomy":"category","embeddable":true,"href":"https:\/\/www.actualidadadiario.com\/index.php\/wp-json\/wp\/v2\/categories?post=121438"},{"taxonomy":"post_tag","embeddable":true,"href":"https:\/\/www.actualidadadiario.com\/index.php\/wp-json\/wp\/v2\/tags?post=121438"}],"curies":[{"name":"wp","href":"https:\/\/api.w.org\/{rel}","templated":true}]}}