{"id":121436,"date":"2024-10-14T10:54:15","date_gmt":"2024-10-14T13:54:15","guid":{"rendered":"https:\/\/www.actualidadadiario.com\/?p=121436"},"modified":"2024-10-14T10:54:57","modified_gmt":"2024-10-14T13:54:57","slug":"policias-anuncian-movilizacion-a-casa-de-gobierno","status":"publish","type":"post","link":"https:\/\/www.actualidadadiario.com\/index.php\/2024\/10\/14\/policias-anuncian-movilizacion-a-casa-de-gobierno\/","title":{"rendered":"Polic\u00edas anuncian movilizaci\u00f3n a Casa de Gobierno"},"content":{"rendered":"<p style=\"text-align: center;\"><em><strong>La Asociaci\u00f3n Profesional de Polic\u00edas de Entre R\u00edos (Apropoler), la entidad que pretende representar a activos y retirados de la Polic\u00eda de Entre R\u00edos, anunci\u00f3 que se movilizar\u00e1 este martes a Casa de Gobierno por un reclamo salarial: en primer lugar, piden que la suma fija que el Gobierno dispuso pagar a los activos, de $40 mil, llegue tambi\u00e9n a los retirados de la fuerza<\/strong><\/em><\/p>\n<p>&nbsp;<\/p>\n<p>&nbsp;<\/p>\n<p>&nbsp;<\/p>\n<p>Pero no es la \u00fanica demanda. Adem\u00e1s, plantean que se respete una normativa que se dict\u00f3 durante el gobierno de Jorge Busti y que estableci\u00f3 la equiparaci\u00f3n salarial entre la Polic\u00eda de Entre R\u00edos y la Polic\u00eda Federal. Los retirados policiales refirieron que el decreto N\u00b0 805, del 3 de marzo de 1989 \u2013dictado durante la gobernaci\u00f3n de Jorge Pedro Busti- estableci\u00f3 la equiparaci\u00f3n \u201cde la remuneraci\u00f3n efectiva de bolsillo del personal de la Polic\u00eda y del Servicio Penitenciario de la Provincia con la del Personal de la Polic\u00eda Federal Argentina con el adicional por antig\u00fcedad vigente al 31 de enero de 1989\u201d. Aunque nunca se cumpli\u00f3.<\/p>\n<p>\u00abConcretamente, pedimos que los montos en negro que cobran los polic\u00edas en actividad le lleguen a los retirados\u00bb, destaca Ricardo Raffo, que se asume como referente de Apropoler. \u00abPara sancionarnos, seguimos siendo polic\u00edas, pero para recibir mejoras salariales, no\u00bb, cuestiona.<\/p>\n<p>Pero adem\u00e1s demanda que se entreguen chalecos antibala y equipos de comunicaci\u00f3n a todos los uniformados en actividad. \u00abAhora, se suma esto de la inequidad en cuanto a la liquidaci\u00f3n de haberes\u00bb, sostiene.<\/p>\n<p>En septiembre \u00faltimo, la C\u00e1mara en lo Contencioso Administrativo, integrada por los vocales Marcelo Barid\u00f3n, Adriana Acevedo y Hugo Gonz\u00e1lez El\u00edas, rechaz\u00f3 una demanda promovida por el agente retirado de la Polic\u00eda de Entre R\u00edos Alfredo Fabi\u00e1n Basin, que pretendi\u00f3 la anulaci\u00f3n de la resoluci\u00f3n N\u00ba142\/21 Jefatura que lo hab\u00eda cesanteado tras un sumario iniciado por su participaci\u00f3n el 3 de noviembre de 2020 en las convocatorias organizadas por la Asociaci\u00f3n Profesional Policial y Penitenciaria de Entre R\u00edos (Apropoler) en Paran\u00e1 y Gualeguaych\u00fa, en las que exigi\u00f3 mejores condiciones laborales del funcionariado policial y penitenciario, el reconocimiento de la entidad como sindicato y las renuncias del otrora jefe de la Polic\u00eda, Gustavo Maslein, y de la entonces ministra de Gobierno, Rosario Romero.<\/p>\n<p>La sentencia se dict\u00f3 el 17 de este mes en el legajo \u00abBasin, Alfredo Fabi\u00e1n c\/ Estado Provincial s\/ Contencioso Administrativo\u00bb.<\/p>\n<p>En octubre y noviembre de 2020, dentro de la acci\u00f3n gremial impulsada desde Apropoler, se convoc\u00f3 a una manifestaci\u00f3n pac\u00edfica reclamando mejores sueldos y condiciones laborales, lo que efectivamente se realiz\u00f3 en las ciudades de Paran\u00e1 -frente a Casa de Gobierno- y en Gualeguaych\u00fa -frente a la Jefatura de Polic\u00eda local-. Las dos figuras clave de la protesta fueron Ricardo Raffo y Fabi\u00e1n Basin, que tambi\u00e9n solicitaron la renuncia del jefe de Polic\u00eda Maslein, y la ministra Rosario Romero.<\/p>\n<p>En el fallo apuntado los vocales Barid\u00f3n y Acevedo -Gonz\u00e1lez El\u00edas se abstuvo- aludieron a las expresiones efectuadas por el actor en el marco de las reuniones mencionadas y a las distintas consecuencias jur\u00eddicas que aquellas proyectan dentro del contenido del derecho a la libertad de expresi\u00f3n y su protecci\u00f3n convencional, constitucional y legal.<\/p>\n<p>En primer lugar, indicaron que el tenor de algunos de sus dichos, en la medida en que contribuyeron al debate sobre cuestiones de inter\u00e9s p\u00fablico, est\u00e1n en incluidos en el \u00e1mbito de cobertura que protege a la libre circulaci\u00f3n y difusi\u00f3n de las ideas garantizado por la normativa internacional y las Constituciones Nacional y Provincial, que aseguran a Basin su participaci\u00f3n en aquella discusi\u00f3n y en aspectos altamente sensibles, como son la seguridad ciudadana, entre otros.<\/p>\n<p>Desde esa perspectiva, a juicio del Tribunal, sus contribuciones no merecen ni justifican ning\u00fan reproche con base convencional o constitucional. En segundo lugar y en esa l\u00ednea argumental, la decisi\u00f3n de la C\u00e1mara hizo referencia a otras declaraciones efectuadas por el actor vinculadas a cuestiones de corte laboral, a trav\u00e9s de las cuales defendi\u00f3 y reclam\u00f3 por las condiciones de trabajo, remuneraci\u00f3n y retiro de sus camaradas, entendiendo que, pese a que el Ministerio estatal competente desconoce al gremio policial, las manifestaciones de Basin en defensa de los intereses sectoriales y laborales de los numerarios policiales como tales, pueden razonablemente leerse, comprenderse e inscribirse en el debate sindical, y expresadas por quien leg\u00edtimamente aspira a representar los intereses laborales del sector.<\/p>\n<p>En definitiva, afirmaron, esas expresiones quedan amparadas por la Convenci\u00f3n Americana de Derechos Humanos, seg\u00fan la interpretaci\u00f3n que de su art\u00edculo 13 efect\u00faa la Corte Interamericana de Derechos Humanos (CIDH).<\/p>\n<p>Finalmente, los magistrados analizaron una tercera perspectiva dentro del discurso del exagente, que requiri\u00f3 la finalizaci\u00f3n de los mandatos de la autoridad administrativa y pol\u00edtica de la instituci\u00f3n policial y desmereci\u00f3 la palabra de la m\u00e1xima autoridad de la Polic\u00eda local, sin despojarse de su condici\u00f3n de numerario bajo estado policial, pregunt\u00e1ndose si los principios de orden, autoridad, jerarqu\u00eda y disciplina bajo los cuales el Estado Provincial estructur\u00f3 su agencia policial para garantizar el orden p\u00fablico y la paz social compatibilizan o no con el pedido de renuncia y el reproche de mentir dirigidos por un subalterno a sus superiores en un contexto relacional verticalizado y en un \u00e1mbito de gesti\u00f3n del uso de la violencia estatal en el cual la palabra se encuentra intensamente intervenida.<\/p>\n<p>La respuesta negativa se impuso, seg\u00fan los razonamientos del Tribunal, que entendi\u00f3 que atribuirle por medios de comunicaci\u00f3n masiva la acci\u00f3n de mentir a un superior jer\u00e1rquico y pedir su dimisi\u00f3n en una reuni\u00f3n p\u00fablica convocada al efecto resultan l\u00f3gicamente incompatibles con la sustancia de los principios de obediencia y jerarqu\u00eda. La falta de respeto a los principios basales de la instituci\u00f3n policial, en este caso, habilitan el ejercicio de la facultad disciplinaria en la medida que la conducta verificada por el agente import\u00f3 una incompatibilidad corrosiva con el modelo organizacional dise\u00f1ado a los fines constitucionales previstos y a cuyos cumplimientos est\u00e1 destinada la agencia policial entrerriana.<\/p>\n<p>En definitiva, si bien la sentencia desestim\u00f3 la demanda, reconoci\u00f3 que las exposiciones de Basin referidas a la defensa de las condiciones de empleo de los agentes policiales en el marco de una convocatoria realizada por la asociaci\u00f3n sindical que los nuclea, no pueden ser objeto de censura, en la medida que el Estado debe garantizar a los trabajadores policiales el derecho a organizarse para discutir sus condiciones de trabajo, a peticionar a sus superiores y a las autoridades y a expresarse p\u00fablicamente en forma pac\u00edfica, todo lo cual es indispensable para desarrollar su conciencia profesional, seg\u00fan las directrices de la CIDH.<\/p>\n","protected":false},"excerpt":{"rendered":"<p>La Asociaci\u00f3n Profesional de Polic\u00edas de Entre R\u00edos (Apropoler), la entidad que pretende representar a activos y retirados de la Polic\u00eda de Entre R\u00edos, anunci\u00f3 que se movilizar\u00e1 este martes a Casa de Gobierno por un reclamo salarial: en primer lugar, piden que la suma fija que el Gobierno dispuso pagar a los activos, de $40 mil, llegue tambi\u00e9n a los retirados de la fuerza &nbsp; &nbsp; &nbsp; Pero no es la \u00fanica demanda. Adem\u00e1s, plantean que se respete una normativa que se dict\u00f3 durante el gobierno de Jorge Busti&#8230;<\/p>\n","protected":false},"author":3,"featured_media":57754,"comment_status":"closed","ping_status":"closed","sticky":false,"template":"","format":"standard","meta":[],"categories":[15],"tags":[],"_links":{"self":[{"href":"https:\/\/www.actualidadadiario.com\/index.php\/wp-json\/wp\/v2\/posts\/121436"}],"collection":[{"href":"https:\/\/www.actualidadadiario.com\/index.php\/wp-json\/wp\/v2\/posts"}],"about":[{"href":"https:\/\/www.actualidadadiario.com\/index.php\/wp-json\/wp\/v2\/types\/post"}],"author":[{"embeddable":true,"href":"https:\/\/www.actualidadadiario.com\/index.php\/wp-json\/wp\/v2\/users\/3"}],"replies":[{"embeddable":true,"href":"https:\/\/www.actualidadadiario.com\/index.php\/wp-json\/wp\/v2\/comments?post=121436"}],"version-history":[{"count":1,"href":"https:\/\/www.actualidadadiario.com\/index.php\/wp-json\/wp\/v2\/posts\/121436\/revisions"}],"predecessor-version":[{"id":121437,"href":"https:\/\/www.actualidadadiario.com\/index.php\/wp-json\/wp\/v2\/posts\/121436\/revisions\/121437"}],"wp:featuredmedia":[{"embeddable":true,"href":"https:\/\/www.actualidadadiario.com\/index.php\/wp-json\/wp\/v2\/media\/57754"}],"wp:attachment":[{"href":"https:\/\/www.actualidadadiario.com\/index.php\/wp-json\/wp\/v2\/media?parent=121436"}],"wp:term":[{"taxonomy":"category","embeddable":true,"href":"https:\/\/www.actualidadadiario.com\/index.php\/wp-json\/wp\/v2\/categories?post=121436"},{"taxonomy":"post_tag","embeddable":true,"href":"https:\/\/www.actualidadadiario.com\/index.php\/wp-json\/wp\/v2\/tags?post=121436"}],"curies":[{"name":"wp","href":"https:\/\/api.w.org\/{rel}","templated":true}]}}