{"id":121434,"date":"2024-10-14T10:53:17","date_gmt":"2024-10-14T13:53:17","guid":{"rendered":"https:\/\/www.actualidadadiario.com\/?p=121434"},"modified":"2024-10-14T10:53:17","modified_gmt":"2024-10-14T13:53:17","slug":"finde-largo-federacion-se-posiciono-entre-las-ciudades-mas-elegidas-del-pais","status":"publish","type":"post","link":"https:\/\/www.actualidadadiario.com\/index.php\/2024\/10\/14\/finde-largo-federacion-se-posiciono-entre-las-ciudades-mas-elegidas-del-pais\/","title":{"rendered":"Finde largo: Federaci\u00f3n se posicion\u00f3 entre las ciudades m\u00e1s elegidas del pa\u00eds"},"content":{"rendered":"<p style=\"text-align: center;\"><em><strong>El destino tur\u00edstico de Federaci\u00f3n contin\u00faa consolid\u00e1ndose como uno de los m\u00e1s populares del pa\u00eds. Seg\u00fan datos de la Confederaci\u00f3n Argentina de la Mediana Empresa (CAME), durante este fin de semana largo la ciudad termal volvi\u00f3 a ser uno de los preferidos a nivel nacional<\/strong><\/em><\/p>\n<p>&nbsp;<\/p>\n<p>&nbsp;<\/p>\n<p>Con 12.946 entradas vendidas en el complejo termal y una ocupaci\u00f3n hotelera del 90% en los cuatro d\u00edas, Federaci\u00f3n recibi\u00f3 cifras millonarias, impulsadas por un gasto promedio por persona que super\u00f3 los 67.000 pesos<\/p>\n<p>Al finalizar las actividades de este domingo, Ezequiel Marozzini, secretario de Turismo de la Municipalidad de Federaci\u00f3n, destac\u00f3 el \u00e9xito del trabajo promocional que se viene realizando. \u00abEste es el resultado del esfuerzo constante que hacemos con promociones y marketing. Cada 15 d\u00edas estamos viajando a puntos estrat\u00e9gicos porque entendimos que, en estos tiempos dif\u00edciles, al turista hay que salir a buscarlo\u00bb, coment\u00f3.<\/p>\n<p>El funcionario tambi\u00e9n subray\u00f3 la importancia de la presencia de Federaci\u00f3n en medios nacionales e internacionales, incluyendo campa\u00f1as en Uruguay y publicidad en pantallas gigantes en varias ciudades de Argentina y el exterior. Adem\u00e1s, destac\u00f3 el esfuerzo de los empresarios locales, quienes constantemente ofrecen promociones y beneficios, lo que refuerza el atractivo del destino. \u00abEste logro se alcanza trabajando todos juntos\u00bb, afirm\u00f3.<\/p>\n<p>&nbsp;<\/p>\n<p>Federaci\u00f3n no solo se destac\u00f3 a nivel provincial, sino que tambi\u00e9n se ubic\u00f3 entre los destinos preferidos del pa\u00eds. Mientras que otros puntos tur\u00edsticos de Entre R\u00edos apenas alcanzaron el 50% de ocupaci\u00f3n hotelera, Federaci\u00f3n, con sus 13.000 plazas disponibles, lleg\u00f3 al 90%, marcando una gran diferencia que reafirma su liderazgo en la provincia y a nivel nacional.<\/p>\n<p>&nbsp;<\/p>\n<p><strong>Los n\u00fameros<\/strong><\/p>\n<p>Seg\u00fan la Asociaci\u00f3n hotelera y gastron\u00f3mica de Federaci\u00f3n, los d\u00edas viernes y s\u00e1bado la ocupaci\u00f3n de alojamientos fue del 100%.<\/p>\n<p>En cuanto a las entradas vendidas, desde el complejo termal indicaron que el viernes ingresaron 4.116 personas, el s\u00e1bado 6.041 y este domingo 2.789, lo que hace un total a 12.946 entradas vendidas.<\/p>\n","protected":false},"excerpt":{"rendered":"<p>El destino tur\u00edstico de Federaci\u00f3n contin\u00faa consolid\u00e1ndose como uno de los m\u00e1s populares del pa\u00eds. Seg\u00fan datos de la Confederaci\u00f3n Argentina de la Mediana Empresa (CAME), durante este fin de semana largo la ciudad termal volvi\u00f3 a ser uno de los preferidos a nivel nacional &nbsp; &nbsp; Con 12.946 entradas vendidas en el complejo termal y una ocupaci\u00f3n hotelera del 90% en los cuatro d\u00edas, Federaci\u00f3n recibi\u00f3 cifras millonarias, impulsadas por un gasto promedio por persona que super\u00f3 los 67.000 pesos Al finalizar las actividades de este domingo, Ezequiel Marozzini,&#8230;<\/p>\n","protected":false},"author":3,"featured_media":81984,"comment_status":"closed","ping_status":"closed","sticky":false,"template":"","format":"standard","meta":[],"categories":[15],"tags":[],"_links":{"self":[{"href":"https:\/\/www.actualidadadiario.com\/index.php\/wp-json\/wp\/v2\/posts\/121434"}],"collection":[{"href":"https:\/\/www.actualidadadiario.com\/index.php\/wp-json\/wp\/v2\/posts"}],"about":[{"href":"https:\/\/www.actualidadadiario.com\/index.php\/wp-json\/wp\/v2\/types\/post"}],"author":[{"embeddable":true,"href":"https:\/\/www.actualidadadiario.com\/index.php\/wp-json\/wp\/v2\/users\/3"}],"replies":[{"embeddable":true,"href":"https:\/\/www.actualidadadiario.com\/index.php\/wp-json\/wp\/v2\/comments?post=121434"}],"version-history":[{"count":1,"href":"https:\/\/www.actualidadadiario.com\/index.php\/wp-json\/wp\/v2\/posts\/121434\/revisions"}],"predecessor-version":[{"id":121435,"href":"https:\/\/www.actualidadadiario.com\/index.php\/wp-json\/wp\/v2\/posts\/121434\/revisions\/121435"}],"wp:featuredmedia":[{"embeddable":true,"href":"https:\/\/www.actualidadadiario.com\/index.php\/wp-json\/wp\/v2\/media\/81984"}],"wp:attachment":[{"href":"https:\/\/www.actualidadadiario.com\/index.php\/wp-json\/wp\/v2\/media?parent=121434"}],"wp:term":[{"taxonomy":"category","embeddable":true,"href":"https:\/\/www.actualidadadiario.com\/index.php\/wp-json\/wp\/v2\/categories?post=121434"},{"taxonomy":"post_tag","embeddable":true,"href":"https:\/\/www.actualidadadiario.com\/index.php\/wp-json\/wp\/v2\/tags?post=121434"}],"curies":[{"name":"wp","href":"https:\/\/api.w.org\/{rel}","templated":true}]}}