{"id":12140,"date":"2017-05-29T10:19:04","date_gmt":"2017-05-29T13:19:04","guid":{"rendered":"http:\/\/actualidadadiario.com\/site\/?p=12140"},"modified":"2017-05-29T10:19:04","modified_gmt":"2017-05-29T13:19:04","slug":"promulgan-ley-que-declara-la-emergencia-para-la-produccion-de-peras-y-manzanas","status":"publish","type":"post","link":"https:\/\/www.actualidadadiario.com\/index.php\/2017\/05\/29\/promulgan-ley-que-declara-la-emergencia-para-la-produccion-de-peras-y-manzanas\/","title":{"rendered":"Promulgan ley que declara la emergencia para la producci\u00f3n de peras y manzanas"},"content":{"rendered":"<p><em><strong>El Gobierno promulg\u00f3 una ley que declar\u00f3 la &#8220;emergencia econ\u00f3mica, productiva, financiera y social&#8221; por un a\u00f1o en la cadena de producci\u00f3n de peras y manzanas de las provincias del Neuqu\u00e9n y R\u00edo Negro<\/strong><\/em><\/p>\n<p>&nbsp;<\/p>\n<p>&nbsp;<\/p>\n<p>&nbsp;<\/p>\n<p>&nbsp;<\/p>\n<p>&nbsp;<\/p>\n<p>&nbsp;<\/p>\n<p>La ley 27.354 que faculta &#8220;al Poder Ejecutivo nacional a instrumentar reg\u00edmenes especiales de pr\u00f3rroga para el pago de las obligaciones impositivas y de la seguridad social por parte de la Administraci\u00f3n Federal de Ingresos P\u00fablicos (AFIP) y Administraci\u00f3n Nacional de la Seguridad Social (ANSES)&#8221; fue publicada en el Bolet\u00edn Oficial.<\/p>\n<p>&nbsp;<\/p>\n<p>La norma, aprobada por el Congreso el 26 de abril pasado, tambi\u00e9n habilita al Gobierno nacional a &#8220;prorrogar&#8221; por un a\u00f1o m\u00e1s la vigencia de la emergencia para el sector.<\/p>\n<p>&nbsp;<\/p>\n<p>La norma surgi\u00f3 de un proyecto de la senadora neuquina Luc\u00eda Crexell y obtuvo el respaldo de amplias mayor\u00edas en ambas c\u00e1maras del Congreso.<\/p>\n","protected":false},"excerpt":{"rendered":"<p>El Gobierno promulg\u00f3 una ley que declar\u00f3 la &#8220;emergencia econ\u00f3mica, productiva, financiera y social&#8221; por un a\u00f1o en la cadena de producci\u00f3n de peras y manzanas de las provincias del Neuqu\u00e9n y R\u00edo Negro &nbsp; &nbsp; &nbsp; &nbsp; &nbsp; &nbsp; La ley 27.354 que faculta &#8220;al Poder Ejecutivo nacional a instrumentar reg\u00edmenes especiales de pr\u00f3rroga para el pago de las obligaciones impositivas y de la seguridad social por parte de la Administraci\u00f3n Federal de Ingresos P\u00fablicos (AFIP) y Administraci\u00f3n Nacional de la Seguridad Social (ANSES)&#8221; fue publicada en el Bolet\u00edn&#8230;<\/p>\n","protected":false},"author":3,"featured_media":12141,"comment_status":"closed","ping_status":"closed","sticky":false,"template":"","format":"standard","meta":[],"categories":[2],"tags":[],"_links":{"self":[{"href":"https:\/\/www.actualidadadiario.com\/index.php\/wp-json\/wp\/v2\/posts\/12140"}],"collection":[{"href":"https:\/\/www.actualidadadiario.com\/index.php\/wp-json\/wp\/v2\/posts"}],"about":[{"href":"https:\/\/www.actualidadadiario.com\/index.php\/wp-json\/wp\/v2\/types\/post"}],"author":[{"embeddable":true,"href":"https:\/\/www.actualidadadiario.com\/index.php\/wp-json\/wp\/v2\/users\/3"}],"replies":[{"embeddable":true,"href":"https:\/\/www.actualidadadiario.com\/index.php\/wp-json\/wp\/v2\/comments?post=12140"}],"version-history":[{"count":1,"href":"https:\/\/www.actualidadadiario.com\/index.php\/wp-json\/wp\/v2\/posts\/12140\/revisions"}],"predecessor-version":[{"id":12142,"href":"https:\/\/www.actualidadadiario.com\/index.php\/wp-json\/wp\/v2\/posts\/12140\/revisions\/12142"}],"wp:featuredmedia":[{"embeddable":true,"href":"https:\/\/www.actualidadadiario.com\/index.php\/wp-json\/wp\/v2\/media\/12141"}],"wp:attachment":[{"href":"https:\/\/www.actualidadadiario.com\/index.php\/wp-json\/wp\/v2\/media?parent=12140"}],"wp:term":[{"taxonomy":"category","embeddable":true,"href":"https:\/\/www.actualidadadiario.com\/index.php\/wp-json\/wp\/v2\/categories?post=12140"},{"taxonomy":"post_tag","embeddable":true,"href":"https:\/\/www.actualidadadiario.com\/index.php\/wp-json\/wp\/v2\/tags?post=12140"}],"curies":[{"name":"wp","href":"https:\/\/api.w.org\/{rel}","templated":true}]}}