{"id":121339,"date":"2024-10-09T12:30:42","date_gmt":"2024-10-09T15:30:42","guid":{"rendered":"https:\/\/www.actualidadadiario.com\/?p=121339"},"modified":"2024-10-09T12:30:42","modified_gmt":"2024-10-09T15:30:42","slug":"milei-desafio-de-nuevo-a-las-universidades-por-el-veto-podrian-mostrar-los-numeros-pero-no-lo-quieren-hacer","status":"publish","type":"post","link":"https:\/\/www.actualidadadiario.com\/index.php\/2024\/10\/09\/milei-desafio-de-nuevo-a-las-universidades-por-el-veto-podrian-mostrar-los-numeros-pero-no-lo-quieren-hacer\/","title":{"rendered":"Milei desafi\u00f3 de nuevo a las universidades por el veto: &#8220;Podr\u00edan mostrar los n\u00fameros pero no lo quieren hacer&#8221;"},"content":{"rendered":"<p style=\"text-align: center;\"><em><strong>El Presidente particip\u00f3 de la apertura de la asamblea plenaria de la CEAL. En su discurso, el mandatario carg\u00f3 nuevamente contra las universidades e insisti\u00f3 en que bajar\u00e1 la inflaci\u00f3n<\/strong><\/em><\/p>\n<p>&nbsp;<\/p>\n<p>&nbsp;<\/p>\n<p>El presidente Javier Milei habl\u00f3 este mi\u00e9rcoles, en la previa de la sesi\u00f3n que votar\u00e1 el veto a la ley de financiamiento universitario, en un encuentro de la CEAL ante empresarios. El mandatario desafi\u00f3 nuevamente a las universidades y dijo que &#8220;podr\u00edan mostrar los n\u00fameros pero no lo quieren hacer&#8221;. Tambi\u00e9n manifest\u00f3 que no habr\u00e1 devaluaci\u00f3n y que bajar\u00e1 la inflaci\u00f3n.<\/p>\n<p>&#8220;Volver a las andadas de la mala pol\u00edtica fiscal nos har\u00eda perder 200.000 millones de d\u00f3lares&#8221; enfatiz\u00f3 Milei ante empresarios. En esa l\u00ednea, defendi\u00f3 el veto e insisti\u00f3 en que las universidades deben permitir que se las audite.<\/p>\n<p>&nbsp;<\/p>\n<p><strong>Milei defendi\u00f3 el veto y desafi\u00f3 a las universidades<\/strong><\/p>\n<p>&#8220;El aumento para las universidades implicar\u00eda ser\u00eda ceder a la vieja forma de hacer pol\u00edtica&#8221; agreg\u00f3 el mandatario. All\u00ed fue donde arremeti\u00f3 contra la oposici\u00f3n y las autoridades universitarias por el veto.<\/p>\n<p>&#8220;Implicar\u00eda volver a los niveles de riesgo pa\u00eds que ten\u00edamos con el kirchnerismo. Por lo cual pasar\u00edamos de un PBI de 600 millones a 400 millones, perder\u00edamos un tercio del PBI&#8221; explic\u00f3 Milei.<\/p>\n<p>&#8220;Nosotros hemos venido a hacer las cosas que est\u00e1n bien, independientemente de la opini\u00f3n p\u00fablica o el terror. En el fondo, si estuvieran limpios, \u00bfcu\u00e1l es el problema de que los auditen? Hace 10 a\u00f1os que no se los audita&#8221; remarc\u00f3 el Presidente.<\/p>\n<p>&#8220;Podr\u00edan mostrar los n\u00fameros pero no lo quieren hacer, por algo no lo quieren hacer. Las consecuencias de todo esto empieza a verse. Por ejemplo, con un boom de cr\u00e9dito nunca visto. Hoy existe cr\u00e9dito hipotecario a 30 a\u00f1os&#8221; manifest\u00f3 en la asamblea de la CEAL.<\/p>\n","protected":false},"excerpt":{"rendered":"<p>El Presidente particip\u00f3 de la apertura de la asamblea plenaria de la CEAL. En su discurso, el mandatario carg\u00f3 nuevamente contra las universidades e insisti\u00f3 en que bajar\u00e1 la inflaci\u00f3n &nbsp; &nbsp; El presidente Javier Milei habl\u00f3 este mi\u00e9rcoles, en la previa de la sesi\u00f3n que votar\u00e1 el veto a la ley de financiamiento universitario, en un encuentro de la CEAL ante empresarios. El mandatario desafi\u00f3 nuevamente a las universidades y dijo que &#8220;podr\u00edan mostrar los n\u00fameros pero no lo quieren hacer&#8221;. Tambi\u00e9n manifest\u00f3 que no habr\u00e1 devaluaci\u00f3n y que&#8230;<\/p>\n","protected":false},"author":3,"featured_media":121340,"comment_status":"closed","ping_status":"closed","sticky":false,"template":"","format":"standard","meta":[],"categories":[18],"tags":[],"_links":{"self":[{"href":"https:\/\/www.actualidadadiario.com\/index.php\/wp-json\/wp\/v2\/posts\/121339"}],"collection":[{"href":"https:\/\/www.actualidadadiario.com\/index.php\/wp-json\/wp\/v2\/posts"}],"about":[{"href":"https:\/\/www.actualidadadiario.com\/index.php\/wp-json\/wp\/v2\/types\/post"}],"author":[{"embeddable":true,"href":"https:\/\/www.actualidadadiario.com\/index.php\/wp-json\/wp\/v2\/users\/3"}],"replies":[{"embeddable":true,"href":"https:\/\/www.actualidadadiario.com\/index.php\/wp-json\/wp\/v2\/comments?post=121339"}],"version-history":[{"count":1,"href":"https:\/\/www.actualidadadiario.com\/index.php\/wp-json\/wp\/v2\/posts\/121339\/revisions"}],"predecessor-version":[{"id":121341,"href":"https:\/\/www.actualidadadiario.com\/index.php\/wp-json\/wp\/v2\/posts\/121339\/revisions\/121341"}],"wp:featuredmedia":[{"embeddable":true,"href":"https:\/\/www.actualidadadiario.com\/index.php\/wp-json\/wp\/v2\/media\/121340"}],"wp:attachment":[{"href":"https:\/\/www.actualidadadiario.com\/index.php\/wp-json\/wp\/v2\/media?parent=121339"}],"wp:term":[{"taxonomy":"category","embeddable":true,"href":"https:\/\/www.actualidadadiario.com\/index.php\/wp-json\/wp\/v2\/categories?post=121339"},{"taxonomy":"post_tag","embeddable":true,"href":"https:\/\/www.actualidadadiario.com\/index.php\/wp-json\/wp\/v2\/tags?post=121339"}],"curies":[{"name":"wp","href":"https:\/\/api.w.org\/{rel}","templated":true}]}}