{"id":121336,"date":"2024-10-09T12:29:33","date_gmt":"2024-10-09T15:29:33","guid":{"rendered":"https:\/\/www.actualidadadiario.com\/?p=121336"},"modified":"2024-10-09T12:29:33","modified_gmt":"2024-10-09T15:29:33","slug":"presupuesto-2025-gobernadores-iran-a-la-camara-de-diputados-a-reclamar-por-fondos","status":"publish","type":"post","link":"https:\/\/www.actualidadadiario.com\/index.php\/2024\/10\/09\/presupuesto-2025-gobernadores-iran-a-la-camara-de-diputados-a-reclamar-por-fondos\/","title":{"rendered":"Presupuesto 2025: gobernadores ir\u00e1n a la C\u00e1mara de Diputados a reclamar por fondos"},"content":{"rendered":"<p style=\"text-align: center;\"><em><strong>Gobernadores de la regi\u00f3n centro ir\u00e1n a la comisi\u00f3n de Presupuesto de Diputados a exponer sobre la situaci\u00f3n cr\u00edtica de sus provincias. Tensi\u00f3n con Casa Rosada<\/strong><\/em><\/p>\n<p>&nbsp;<\/p>\n<p>&nbsp;<\/p>\n<p>Los gobernadores Mart\u00edn Llaryora (C\u00f3rdoba), Maximiliano Pullaro (Santa Fe), Alfredo Cornejo (Mendoza) y Rogelio Frigerio (Entre R\u00edos) se presentar\u00e1n ante la comisi\u00f3n de Presupuesto y Hacienda de la C\u00e1mara de Diputados para exponer la cr\u00edtica situaci\u00f3n de las provincias ante el recorte de fondos y la ca\u00edda de la recaudaci\u00f3n de cara al debate del proyecto de Presupuesto 2025 en el Congreso.<\/p>\n<p>La convocatoria de estos gobernadores del peronismo, la UCR y PRO estar\u00e1 a cargo del bloque Encuentro Federal de Miguel Pichetto que ya acord\u00f3 con los mandatarios provinciales su asistencia a la comisi\u00f3n que preside Jos\u00e9 Luis Espert donde hoy se comenzar\u00e1 a analizar el Presupuesto 2025 con la presencia de Carlos Guberman (Secretario de Hacienda) y Pablo Quirno (Secretario de Finanzas) ante la negativa del Ministro de Econom\u00eda, Luis Caputo, de asistir a Diputados para exponer sobre la iniciativa.<\/p>\n<p>&nbsp;<\/p>\n<p><strong>Enojo de los gobernadores<\/strong><\/p>\n<p>&#8220;Nos convocan, nos prometen y despu\u00e9s no cumplen nada&#8221;. El diagn\u00f3stico, compartido por la la liga de gobernadores de Juntos pero tambi\u00e9n por peronistas como Llaryora o mandatarios provinciales anclados en partidos locales como Hugo Passalacqua (Misiones), Claudio Vidal (Santa Cruz) o Gustavo Sa\u00e9nz (Salta), refleja el fr\u00e1gil marco de alianzas de La Libertad Avanza en el Congreso. De hecho, tanto los diputados santacruce\u00f1os como los salte\u00f1os que responden a sus gobernadores se cuentan para la sesi\u00f3n de ma\u00f1ana entre los votos para rechazar el veto de Javier Milei a la ley de financiamiento educativo.<\/p>\n<p>&#8220;Nunca nos llamaron para pedirnos apoyo, el gobierno no nos manifest\u00f3 nada de cara a la sesi\u00f3n de ma\u00f1ana&#8221;, aseguran desde el despacho de un gobernador dialoguista ante la consulta de \u00c1mbito. &#8220;Puede ser por la verg\u00fcenza que deben sentir por no cumplirnos nada&#8221;, agregan. El veto a las universidades aparece como la \u00faltima instancia de colaboraci\u00f3n con la Casa Rosada pero el Presupuesto 2025 ser\u00e1 otra discusi\u00f3n.<\/p>\n<p>Por eso, ante la falta de di\u00e1logo con el Gobierno luego de la tensa reuni\u00f3n que los gobernadores mantuvieron hace casi un mes con Caputo y Guillermo Francos en Casa Rosada, los gobernadores ir\u00e1n al Congreso ante el recorte de fondos para obra p\u00fablica, transporte, salud, educaci\u00f3n, la ca\u00edda de las transferencias por coparticipaci\u00f3n y la deuda con las cajas jubilatorias no transferidas, un reclamo que escal\u00f3 hasta la Corte Suprema de Justicia de la Naci\u00f3n. Ese malestar de los gobernadores, incluidos Frigerio, Torres y el jefe de gobierno porte\u00f1o, Jorge Macri, explica tambi\u00e9n su ausencia ayer en el zoom que encabez\u00f3 Mauricio Macri para presionar a sus diputados a que voten a favor del veto de Milei a las universidades.<\/p>\n<p>&nbsp;<\/p>\n<p><strong>Presupuesto con ajuste<\/strong><\/p>\n<p>Ese pedido genera incomodidad en toda la liga de Juntos. Tampoco radicales como Pullaro o Cornejo consideran conveniente pegarse al veto de Milei y entregarle la bandera la educaci\u00f3n p\u00fablica aun peronismo que comienza a reagruparse de cara al a\u00f1o electoral. Los gobernadores no solo se ven obligados a aplicar un ajuste fiscal en sus distritos ante la asfixia financiera de Naci\u00f3n sino que son presionados, tras incumplir todos los reclamos de las provincias, para apoyar el veto a las universidades.<\/p>\n<p>&#8220;Ya bastante miseria administran los gobernadores por el recorte de la obra p\u00fablica como para ahora regalarle al peronismo la bandera de la educaci\u00f3n p\u00fablica. Les piden que se inmolen por el gobierno nacional pero ellos no cumplen&#8221;, se quejan entre los gobernadores dialoguistas de cara a la sesi\u00f3n de ma\u00f1ana.<\/p>\n<p>La nota de convocatoria a Llaryora, Pullaro, Cornejo y Frigerio ser\u00e1 presentada en las pr\u00f3ximas horas en la comisi\u00f3n de Presupuesto y Hacienda por Encuentro Federal con la firma de Pichetto, Emilio Monz\u00f3 y Nicolas Massot, entre otros. Los gobernadores expondr\u00e1n el reclamo por fondos los fondos que le corresponden por ley y en concepto de coparticipaci\u00f3n para sus provincias.<\/p>\n","protected":false},"excerpt":{"rendered":"<p>Gobernadores de la regi\u00f3n centro ir\u00e1n a la comisi\u00f3n de Presupuesto de Diputados a exponer sobre la situaci\u00f3n cr\u00edtica de sus provincias. Tensi\u00f3n con Casa Rosada &nbsp; &nbsp; Los gobernadores Mart\u00edn Llaryora (C\u00f3rdoba), Maximiliano Pullaro (Santa Fe), Alfredo Cornejo (Mendoza) y Rogelio Frigerio (Entre R\u00edos) se presentar\u00e1n ante la comisi\u00f3n de Presupuesto y Hacienda de la C\u00e1mara de Diputados para exponer la cr\u00edtica situaci\u00f3n de las provincias ante el recorte de fondos y la ca\u00edda de la recaudaci\u00f3n de cara al debate del proyecto de Presupuesto 2025 en el Congreso&#8230;.<\/p>\n","protected":false},"author":3,"featured_media":121337,"comment_status":"closed","ping_status":"closed","sticky":false,"template":"","format":"standard","meta":[],"categories":[18],"tags":[],"_links":{"self":[{"href":"https:\/\/www.actualidadadiario.com\/index.php\/wp-json\/wp\/v2\/posts\/121336"}],"collection":[{"href":"https:\/\/www.actualidadadiario.com\/index.php\/wp-json\/wp\/v2\/posts"}],"about":[{"href":"https:\/\/www.actualidadadiario.com\/index.php\/wp-json\/wp\/v2\/types\/post"}],"author":[{"embeddable":true,"href":"https:\/\/www.actualidadadiario.com\/index.php\/wp-json\/wp\/v2\/users\/3"}],"replies":[{"embeddable":true,"href":"https:\/\/www.actualidadadiario.com\/index.php\/wp-json\/wp\/v2\/comments?post=121336"}],"version-history":[{"count":1,"href":"https:\/\/www.actualidadadiario.com\/index.php\/wp-json\/wp\/v2\/posts\/121336\/revisions"}],"predecessor-version":[{"id":121338,"href":"https:\/\/www.actualidadadiario.com\/index.php\/wp-json\/wp\/v2\/posts\/121336\/revisions\/121338"}],"wp:featuredmedia":[{"embeddable":true,"href":"https:\/\/www.actualidadadiario.com\/index.php\/wp-json\/wp\/v2\/media\/121337"}],"wp:attachment":[{"href":"https:\/\/www.actualidadadiario.com\/index.php\/wp-json\/wp\/v2\/media?parent=121336"}],"wp:term":[{"taxonomy":"category","embeddable":true,"href":"https:\/\/www.actualidadadiario.com\/index.php\/wp-json\/wp\/v2\/categories?post=121336"},{"taxonomy":"post_tag","embeddable":true,"href":"https:\/\/www.actualidadadiario.com\/index.php\/wp-json\/wp\/v2\/tags?post=121336"}],"curies":[{"name":"wp","href":"https:\/\/api.w.org\/{rel}","templated":true}]}}