{"id":121330,"date":"2024-10-09T12:20:12","date_gmt":"2024-10-09T15:20:12","guid":{"rendered":"https:\/\/www.actualidadadiario.com\/?p=121330"},"modified":"2024-10-09T12:31:51","modified_gmt":"2024-10-09T15:31:51","slug":"despues-no-lloren-ddhh-y-lesa-humanidad-el-retuit-amenazante-de-milei-a-los-universitarios-y-el-cruce-de-lousteau-que-recordo-a-alfonsin","status":"publish","type":"post","link":"https:\/\/www.actualidadadiario.com\/index.php\/2024\/10\/09\/despues-no-lloren-ddhh-y-lesa-humanidad-el-retuit-amenazante-de-milei-a-los-universitarios-y-el-cruce-de-lousteau-que-recordo-a-alfonsin\/","title":{"rendered":"&#8220;Despu\u00e9s no lloren DDHH y lesa humanidad&#8221;: el retuit amenazante de Milei a los universitarios y el cruce de Lousteau que record\u00f3 a Alfons\u00edn"},"content":{"rendered":"<p style=\"text-align: center;\"><em><strong>Milei reposte\u00f3 un mensaje que suger\u00eda represalias a los estudiantes. Mart\u00edn Lousteau no tard\u00f3 en responder, y evoc\u00f3 las pol\u00edticas de Ra\u00fal Alfons\u00edn en defensa de los Derechos Humanos<\/strong><\/em><\/p>\n<p>&nbsp;<\/p>\n<p>&nbsp;<\/p>\n<p>En un contexto donde las tensiones pol\u00edticas se intensifican, el presidente Javier Milei volvi\u00f3 a generar pol\u00e9mica al republicar un tuit sumamente amenazante hacia los estudiantes que protestan contra el veto del Gobierno a la Ley de Financiamiento Universitario.<\/p>\n<p>\u201cMarchas, paros, tomas. Quieren derrocar al presidente con m\u00e1s huevos de la historia. Est\u00e1n avisados zurdos, despu\u00e9s no lloren DDHH y lesa humanidad\u201d, dice la publicaci\u00f3n retuiteada por el Presidente.<\/p>\n<p>Mart\u00edn Lousteau, senador y presidente de la UCR Nacional, no tard\u00f3 en responder a la provocaci\u00f3n. En un mensaje que evocaba la defensa de los derechos humanos y la democracia, record\u00f3 al expresidente Ra\u00fal Alfons\u00edn, al tiempo que subray\u00f3 la importancia de la memoria hist\u00f3rica frente a la ret\u00f3rica intimidante de Milei.<\/p>\n<p>&nbsp;<\/p>\n<p><strong>Alfons\u00edn y la defensa de la democracia<\/strong><\/p>\n<p>\u201cAlfons\u00edn: 13 paros generales, 3 levantamientos militares y uno terrorista. Aplic\u00f3 siempre la ley, defendi\u00f3 la democracia y los DD. HH., enjuici\u00f3 a las juntas y a las c\u00fapulas guerrilleras\u201d, escribi\u00f3 Lousteau en su cuenta de la red social X.<\/p>\n<p>Adem\u00e1s, subray\u00f3 un contraste marcado entre la actual administraci\u00f3n y los valores democr\u00e1ticos defendidos por el ex presidente.<\/p>\n<p>El senador por la Ciudad de Buenos Aires no se detuvo ah\u00ed y lanz\u00f3 una cr\u00edtica contundente hacia el presidente: \u201cEl Presidente retuitea a alguien que amenaza con delitos de lesa humanidad por marchar e insistir con la Ley de Financiamiento Universitario\u201d. Con esta frase, Lousteau cuestion\u00f3 no s\u00f3lo el contenido de la amenaza, sino tambi\u00e9n la legitimidad del liderazgo de Milei.<\/p>\n<p>Lousteau tambi\u00e9n advirti\u00f3 sobre el peligro de los discursos que emergen del actual gobierno: \u201cLos discursos violentos y las actitudes cobardes van de la mano en el mundo libertario\u201d. Esta observaci\u00f3n pone de manifiesto una preocupaci\u00f3n respecto al futuro de la democracia en el pa\u00eds, en un momento donde la libertad de expresi\u00f3n y el derecho a la protesta parecen estar bajo amenaza.<\/p>\n<p>&nbsp;<\/p>\n<p><strong>Qu\u00e9 dec\u00eda el video que public\u00f3 Javier Milei<\/strong><\/p>\n<p>El retuit del Presidente inclu\u00eda un video de \u00e9l en 2023 en una entrevista brindada al periodista Jonatan Viale, en la que adelantaba su manera de lidiar con los movimientos y organizaciones sociales.<\/p>\n<p>\u201cMe van a tener que sacar muerto\u201d dijo Milei en aquella oportunidad, en alusi\u00f3n a la Casa Rosada.<\/p>\n","protected":false},"excerpt":{"rendered":"<p>Milei reposte\u00f3 un mensaje que suger\u00eda represalias a los estudiantes. Mart\u00edn Lousteau no tard\u00f3 en responder, y evoc\u00f3 las pol\u00edticas de Ra\u00fal Alfons\u00edn en defensa de los Derechos Humanos &nbsp; &nbsp; En un contexto donde las tensiones pol\u00edticas se intensifican, el presidente Javier Milei volvi\u00f3 a generar pol\u00e9mica al republicar un tuit sumamente amenazante hacia los estudiantes que protestan contra el veto del Gobierno a la Ley de Financiamiento Universitario. \u201cMarchas, paros, tomas. Quieren derrocar al presidente con m\u00e1s huevos de la historia. Est\u00e1n avisados zurdos, despu\u00e9s no lloren DDHH&#8230;<\/p>\n","protected":false},"author":3,"featured_media":121331,"comment_status":"closed","ping_status":"closed","sticky":false,"template":"","format":"standard","meta":[],"categories":[18],"tags":[],"_links":{"self":[{"href":"https:\/\/www.actualidadadiario.com\/index.php\/wp-json\/wp\/v2\/posts\/121330"}],"collection":[{"href":"https:\/\/www.actualidadadiario.com\/index.php\/wp-json\/wp\/v2\/posts"}],"about":[{"href":"https:\/\/www.actualidadadiario.com\/index.php\/wp-json\/wp\/v2\/types\/post"}],"author":[{"embeddable":true,"href":"https:\/\/www.actualidadadiario.com\/index.php\/wp-json\/wp\/v2\/users\/3"}],"replies":[{"embeddable":true,"href":"https:\/\/www.actualidadadiario.com\/index.php\/wp-json\/wp\/v2\/comments?post=121330"}],"version-history":[{"count":1,"href":"https:\/\/www.actualidadadiario.com\/index.php\/wp-json\/wp\/v2\/posts\/121330\/revisions"}],"predecessor-version":[{"id":121332,"href":"https:\/\/www.actualidadadiario.com\/index.php\/wp-json\/wp\/v2\/posts\/121330\/revisions\/121332"}],"wp:featuredmedia":[{"embeddable":true,"href":"https:\/\/www.actualidadadiario.com\/index.php\/wp-json\/wp\/v2\/media\/121331"}],"wp:attachment":[{"href":"https:\/\/www.actualidadadiario.com\/index.php\/wp-json\/wp\/v2\/media?parent=121330"}],"wp:term":[{"taxonomy":"category","embeddable":true,"href":"https:\/\/www.actualidadadiario.com\/index.php\/wp-json\/wp\/v2\/categories?post=121330"},{"taxonomy":"post_tag","embeddable":true,"href":"https:\/\/www.actualidadadiario.com\/index.php\/wp-json\/wp\/v2\/tags?post=121330"}],"curies":[{"name":"wp","href":"https:\/\/api.w.org\/{rel}","templated":true}]}}