{"id":121318,"date":"2024-10-09T11:27:03","date_gmt":"2024-10-09T14:27:03","guid":{"rendered":"https:\/\/www.actualidadadiario.com\/?p=121318"},"modified":"2024-10-09T11:27:21","modified_gmt":"2024-10-09T14:27:21","slug":"tragedia-en-vaca-muerta-muere-un-operario-y-hay-paro-total","status":"publish","type":"post","link":"https:\/\/www.actualidadadiario.com\/index.php\/2024\/10\/09\/tragedia-en-vaca-muerta-muere-un-operario-y-hay-paro-total\/","title":{"rendered":"Tragedia en Vaca Muerta: muere un operario y hay paro total"},"content":{"rendered":"<p style=\"text-align: center;\"><em><strong>Un trabajador muri\u00f3 en Vaca Muerta y el gremio petrolero convoc\u00f3 a un paro total de actividades. Exigen medidas de seguridad urgentes en los yacimientos<\/strong><\/em><\/p>\n<p>&nbsp;<\/p>\n<p>&nbsp;<\/p>\n<p>Este martes por la noche, se registr\u00f3 un tr\u00e1gico accidente en el bloque Bajada del Palo Oeste de Vaca Muerta, que result\u00f3 en la muerte de un operario de la empresa Nabors. Miguel Fern\u00e1ndez, de 40 a\u00f1os, se encontraba realizando tareas de rutina en el equipo de perforaci\u00f3n F19 cuando, por motivos que a\u00fan se investigan, sufri\u00f3 un accidente mortal.<\/p>\n<p>Seg\u00fan inform\u00f3 la empresa Vista, operadora del yacimiento, se activ\u00f3 de inmediato el protocolo de emergencia y se traslad\u00f3 al trabajador a un centro de salud en la localidad de Catriel, R\u00edo Negro, donde finalmente se constat\u00f3 su fallecimiento debido a la gravedad de las heridas sufridas.<\/p>\n<p>&nbsp;<\/p>\n<p><strong>Investigaci\u00f3n en curso y reclamos del gremio<\/strong><\/p>\n<p>Tras conocerse el incidente, la compa\u00f1\u00eda expres\u00f3 sus condolencias a la familia de Fern\u00e1ndez y a sus compa\u00f1eros de trabajo, e inici\u00f3 una investigaci\u00f3n interna para determinar las causas del accidente. A su vez, la investigaci\u00f3n judicial qued\u00f3 a cargo de la Justicia de Neuqu\u00e9n, debido a que el yacimiento se encuentra en territorio de esta provincia.<\/p>\n<p>El accidente ha generado un fuerte impacto en la comunidad petrolera, que ya ha sufrido otros episodios similares en el pasado. La muerte de Fern\u00e1ndez se suma a la de otro operario que falleci\u00f3 hace tres meses en cercan\u00edas del yacimiento Mata Mora, lo que ha intensificado el reclamo por condiciones de trabajo m\u00e1s seguras.<\/p>\n<p>&nbsp;<\/p>\n<p><strong>Paro total de actividades: el reclamo del Sindicato de Petroleros<\/strong><\/p>\n<p>Minutos despu\u00e9s de conocerse la noticia, el Sindicato de Petr\u00f3leo y Gas Privado de Neuqu\u00e9n, R\u00edo Negro y La Pampa, liderado por Marcelo Rucci, convoc\u00f3 a un paro total de actividades en la regi\u00f3n de Vaca Muerta. La medida de fuerza comenz\u00f3 este mi\u00e9rcoles a las 8 de la ma\u00f1ana y se extender\u00e1 hasta el jueves a la misma hora.<\/p>\n<p>&#8220;Basta de muertes en el petr\u00f3leo&#8221;, fue el contundente mensaje emitido por el gremio, que denunci\u00f3 la falta de medidas de seguridad en los yacimientos y exigi\u00f3 que las empresas mejoren las condiciones de trabajo de sus empleados para evitar nuevas tragedias.<\/p>\n<p>&nbsp;<\/p>\n<p><strong>Historial de accidentes y la lucha por mayor seguridad<\/strong><\/p>\n<p>El tr\u00e1gico fallecimiento de Fern\u00e1ndez no es un hecho aislado en la industria petrolera. En junio de este a\u00f1o, un trabajador de 50 a\u00f1os sufri\u00f3 un accidente mientras realizaba tareas de mantenimiento en el yacimiento Puesto Hern\u00e1ndez, en Rinc\u00f3n de los Sauces. El operario fue impactado por el carret\u00f3n de un cami\u00f3n y, aunque recibi\u00f3 atenci\u00f3n m\u00e9dica de urgencia, las heridas fueron fatales.<\/p>\n<p>Estas situaciones han llevado al Sindicato de Petroleros a redoblar su reclamo por un entorno laboral m\u00e1s seguro, especialmente en una zona tan productiva y cr\u00edtica como Vaca Muerta. El paro total convocado es visto como una medida de presi\u00f3n para que las autoridades y las empresas implementen mayores controles y protocolos de seguridad.<\/p>\n","protected":false},"excerpt":{"rendered":"<p>Un trabajador muri\u00f3 en Vaca Muerta y el gremio petrolero convoc\u00f3 a un paro total de actividades. Exigen medidas de seguridad urgentes en los yacimientos &nbsp; &nbsp; Este martes por la noche, se registr\u00f3 un tr\u00e1gico accidente en el bloque Bajada del Palo Oeste de Vaca Muerta, que result\u00f3 en la muerte de un operario de la empresa Nabors. Miguel Fern\u00e1ndez, de 40 a\u00f1os, se encontraba realizando tareas de rutina en el equipo de perforaci\u00f3n F19 cuando, por motivos que a\u00fan se investigan, sufri\u00f3 un accidente mortal. Seg\u00fan inform\u00f3 la&#8230;<\/p>\n","protected":false},"author":3,"featured_media":121319,"comment_status":"closed","ping_status":"closed","sticky":false,"template":"","format":"standard","meta":[],"categories":[2],"tags":[],"_links":{"self":[{"href":"https:\/\/www.actualidadadiario.com\/index.php\/wp-json\/wp\/v2\/posts\/121318"}],"collection":[{"href":"https:\/\/www.actualidadadiario.com\/index.php\/wp-json\/wp\/v2\/posts"}],"about":[{"href":"https:\/\/www.actualidadadiario.com\/index.php\/wp-json\/wp\/v2\/types\/post"}],"author":[{"embeddable":true,"href":"https:\/\/www.actualidadadiario.com\/index.php\/wp-json\/wp\/v2\/users\/3"}],"replies":[{"embeddable":true,"href":"https:\/\/www.actualidadadiario.com\/index.php\/wp-json\/wp\/v2\/comments?post=121318"}],"version-history":[{"count":2,"href":"https:\/\/www.actualidadadiario.com\/index.php\/wp-json\/wp\/v2\/posts\/121318\/revisions"}],"predecessor-version":[{"id":121321,"href":"https:\/\/www.actualidadadiario.com\/index.php\/wp-json\/wp\/v2\/posts\/121318\/revisions\/121321"}],"wp:featuredmedia":[{"embeddable":true,"href":"https:\/\/www.actualidadadiario.com\/index.php\/wp-json\/wp\/v2\/media\/121319"}],"wp:attachment":[{"href":"https:\/\/www.actualidadadiario.com\/index.php\/wp-json\/wp\/v2\/media?parent=121318"}],"wp:term":[{"taxonomy":"category","embeddable":true,"href":"https:\/\/www.actualidadadiario.com\/index.php\/wp-json\/wp\/v2\/categories?post=121318"},{"taxonomy":"post_tag","embeddable":true,"href":"https:\/\/www.actualidadadiario.com\/index.php\/wp-json\/wp\/v2\/tags?post=121318"}],"curies":[{"name":"wp","href":"https:\/\/api.w.org\/{rel}","templated":true}]}}