{"id":12131,"date":"2017-05-29T10:15:11","date_gmt":"2017-05-29T13:15:11","guid":{"rendered":"http:\/\/actualidadadiario.com\/site\/?p=12131"},"modified":"2017-05-29T10:15:11","modified_gmt":"2017-05-29T13:15:11","slug":"este-martes-el-gobierno-y-los-gremios-estatales-vuelven-a-discutir-salarios","status":"publish","type":"post","link":"https:\/\/www.actualidadadiario.com\/index.php\/2017\/05\/29\/este-martes-el-gobierno-y-los-gremios-estatales-vuelven-a-discutir-salarios\/","title":{"rendered":"Este martes el Gobierno y los gremios estatales vuelven a discutir salarios"},"content":{"rendered":"<p><em><strong>Luego de dos meses, funcionarios del Gobierno provincial se volver\u00e1n a reunir este martes en la Secretar\u00eda de Trabajo con representantes de ATE y UPCN<\/strong><\/em><\/p>\n<p>&nbsp;<\/p>\n<p>&nbsp;<\/p>\n<p>&nbsp;<\/p>\n<p>&nbsp;<\/p>\n<p>La reuni\u00f3n -que tendr\u00e1 lugar a las 9- fue confirmada por la secretaria Gremial de la Uni\u00f3n del Personal Civil de la Naci\u00f3n, Carina Dom\u00ednguez, quien advirti\u00f3 que de no haber una respuesta al tema salarial, desde el sindicato ya \u201cresolvi\u00f3 paro y movilizaci\u00f3n\u201d<\/p>\n<p>&nbsp;<\/p>\n<p>Mientras tanto, el cuerpo de delegados de Paran\u00e1 de UPCN decidi\u00f3 \u201ccontinuar con asambleas informativas hasta llegar a la reuni\u00f3n y, en el caso de que el d\u00eda martes no tengamos una soluci\u00f3n concreta al tema salarial, ya se resolvi\u00f3 un paro y movilizaci\u00f3n provincial y se facult\u00f3 a la comisi\u00f3n directiva para ponerle fecha\u201d, precis\u00f3 Dom\u00ednguez, quien dijo que mientras tanto contin\u00faan con asambleas y retenci\u00f3n de servicios \u00e1reas como Registro Civil; Hospital Domagk, que reclama por condiciones laborales, y los hospitales San Roque y San Mart\u00edn, entre otras reparticiones.<\/p>\n<p>&nbsp;<\/p>\n<p>Por su parte, el titular de la Asociaci\u00f3n de Trabajadores del Estado, Oscar Muntes, dijo: \u201cTenemos una posici\u00f3n muy clara respecto a la recomposici\u00f3n de haberes, que tiene que ver con un 12 por ciento de ca\u00edda del poder adquisitivo de 2016 y el 26 por ciento de este a\u00f1o\u201d.<\/p>\n<p>&nbsp;<\/p>\n<p>Muntes espera \u201cque haya una propuesta integral y superadora, que supere el 18 por ciento en tres tramos rechazado oportunamente\u201d, y asever\u00f3: \u201cEsperemos que el martes se abra una negociaci\u00f3n mucho m\u00e1s razonable\u201d.<\/p>\n<p>&nbsp;<\/p>\n<p>Cabe destacar que la \u00faltima reuni\u00f3n entre el Gobierno y representantes de ATE y de UPCN se llev\u00f3 a cabo el 16 de marzo pasado en la Secretar\u00eda de Trabajo. En esa oportunidad las autoridades gubernamentales hab\u00edan ratificado la propuesta salarial del 18 por ciento en tres tramos que hab\u00eda presentado con anterioridad, pero hab\u00eda anunciado el pago de un cinco por ciento por una \u00fanica vez, lo cual fue rechazado por ambos sindicatos.<\/p>\n<p>&nbsp;<\/p>\n<p>Se iban a reunir el 22 de marzo, pero el encuentro fue suspendido por el Gobierno, que en ese momento anunci\u00f3 que la semana siguiente (del 27 al 31 de marzo) iba a presentar una \u201cpropuesta integral\u201d.<\/p>\n<p>&nbsp;<\/p>\n<p>Hasta el momento, al menos en forma formal y en el marco de la paritaria, las partes no se volvieron a reunir. La continuidad de la negociaci\u00f3n se concretar\u00e1 este martes a las 9.<\/p>\n<p>&nbsp;<\/p>\n<p>No obstante, el 11 de mayo el gobernador Bordet anunci\u00f3 un aumento salarial para los empleados p\u00fablicos: \u201cAnte la Asamblea Legislativa nos comprometimos a que ning\u00fan trabajador en la provincia iba a cobrar menos de lo que resulte de la inflaci\u00f3n del 2017, por lo que vamos a hacer el ajuste correspondiente y, a fin de mes, los empleados van a cobrar tres puntos m\u00e1s para llegar al nueve por ciento determinado por el \u00edndice inflacionario\u201d, hab\u00eda dicho el Gobernador desde Villaguay.<\/p>\n<p>&nbsp;<\/p>\n<p>Tal suba salarial fue cuestionada por los gremios, que criticaron que se haya dado \u201cen forma unilateral\u201d.<\/p>\n","protected":false},"excerpt":{"rendered":"<p>Luego de dos meses, funcionarios del Gobierno provincial se volver\u00e1n a reunir este martes en la Secretar\u00eda de Trabajo con representantes de ATE y UPCN &nbsp; &nbsp; &nbsp; &nbsp; La reuni\u00f3n -que tendr\u00e1 lugar a las 9- fue confirmada por la secretaria Gremial de la Uni\u00f3n del Personal Civil de la Naci\u00f3n, Carina Dom\u00ednguez, quien advirti\u00f3 que de no haber una respuesta al tema salarial, desde el sindicato ya \u201cresolvi\u00f3 paro y movilizaci\u00f3n\u201d &nbsp; Mientras tanto, el cuerpo de delegados de Paran\u00e1 de UPCN decidi\u00f3 \u201ccontinuar con asambleas informativas hasta&#8230;<\/p>\n","protected":false},"author":3,"featured_media":12132,"comment_status":"closed","ping_status":"closed","sticky":false,"template":"","format":"standard","meta":[],"categories":[15],"tags":[],"_links":{"self":[{"href":"https:\/\/www.actualidadadiario.com\/index.php\/wp-json\/wp\/v2\/posts\/12131"}],"collection":[{"href":"https:\/\/www.actualidadadiario.com\/index.php\/wp-json\/wp\/v2\/posts"}],"about":[{"href":"https:\/\/www.actualidadadiario.com\/index.php\/wp-json\/wp\/v2\/types\/post"}],"author":[{"embeddable":true,"href":"https:\/\/www.actualidadadiario.com\/index.php\/wp-json\/wp\/v2\/users\/3"}],"replies":[{"embeddable":true,"href":"https:\/\/www.actualidadadiario.com\/index.php\/wp-json\/wp\/v2\/comments?post=12131"}],"version-history":[{"count":1,"href":"https:\/\/www.actualidadadiario.com\/index.php\/wp-json\/wp\/v2\/posts\/12131\/revisions"}],"predecessor-version":[{"id":12133,"href":"https:\/\/www.actualidadadiario.com\/index.php\/wp-json\/wp\/v2\/posts\/12131\/revisions\/12133"}],"wp:featuredmedia":[{"embeddable":true,"href":"https:\/\/www.actualidadadiario.com\/index.php\/wp-json\/wp\/v2\/media\/12132"}],"wp:attachment":[{"href":"https:\/\/www.actualidadadiario.com\/index.php\/wp-json\/wp\/v2\/media?parent=12131"}],"wp:term":[{"taxonomy":"category","embeddable":true,"href":"https:\/\/www.actualidadadiario.com\/index.php\/wp-json\/wp\/v2\/categories?post=12131"},{"taxonomy":"post_tag","embeddable":true,"href":"https:\/\/www.actualidadadiario.com\/index.php\/wp-json\/wp\/v2\/tags?post=12131"}],"curies":[{"name":"wp","href":"https:\/\/api.w.org\/{rel}","templated":true}]}}