{"id":121309,"date":"2024-10-09T11:21:13","date_gmt":"2024-10-09T14:21:13","guid":{"rendered":"https:\/\/www.actualidadadiario.com\/?p=121309"},"modified":"2024-10-09T11:21:13","modified_gmt":"2024-10-09T14:21:13","slug":"el-70-de-los-ninos-y-adolescentes-de-12-a-17-anos-es-pobre","status":"publish","type":"post","link":"https:\/\/www.actualidadadiario.com\/index.php\/2024\/10\/09\/el-70-de-los-ninos-y-adolescentes-de-12-a-17-anos-es-pobre\/","title":{"rendered":"El 70% de los ni\u00f1os y adolescentes de 12 a 17 a\u00f1os es pobre"},"content":{"rendered":"<p style=\"text-align: center;\"><em><strong>Los datos de la Encuesta Permanente de Hogares del INDEC alarman. En el segmento de 0 a 14 a\u00f1os un 66,1% son pobres y un 27% indigentes. Entre los pobres de 12 a 17, la indigencia alcanza al 29,4% de los chicos<\/strong><\/em><\/p>\n<p>&nbsp;<\/p>\n<p>&nbsp;<\/p>\n<p>Las cifras de pobreza de ni\u00f1os y j\u00f3venes del primer semestre del 2024 que relev\u00f3 el INDEC a trav\u00e9s de la Encuesta Permanente de Hogares conmueven. El 66,1% de los menores de 0 a 14 a\u00f1os es pobre y si se analiza el segmento de 12 a 17 a\u00f1os, la cifra de pobres se dispara hasta llegar al 69,4%, seg\u00fan datos oficiales de los primeros seis meses del a\u00f1o.<\/p>\n<p>Si se hace una radiograf\u00eda de la situaci\u00f3n de los menores de 0 a 14 a\u00f1os en el primer semestre: el 66,1% es pobre, frente a un 33,9% que no es pobre. Dentro de los que viven en la pobreza, el 39,1% son pobres no indigentes y un 27% son indigentes. Casi un tercio de los chicos que tienen casi 14 a\u00f1os viven muy por debajo de la l\u00ednea de pobreza.<\/p>\n<p>Si se mira el segmento 12 a 17 a\u00f1os seg\u00fan la condici\u00f3n de pobreza el 69,4% es pobre y s\u00f3lo un 30,6% no es pobre. Dentro del segmento de adolescentes pobres, el 39,9% es pobre pero no indigente y un 29,4% es indigente. Alarma que un tercio de estos adolescentes sea indigente y que m\u00e1s de dos tercios sea pobre.<\/p>\n<p>El informe 3 de El estudio la cocina de los cuidados es un espacio intersectorial y transversal de seguimiento y producci\u00f3n de informaci\u00f3n sobre las medidas de gobierno en el campo de los cuidados. Lo integran CELS, organizaciones sociales y de derechos humanos, sindicatos, iglesias, acad\u00e9micos, funcionarios y legisladores de diferentes fuerzas pol\u00edticas.<\/p>\n<p>Seg\u00fan este estudio: \u201cEl monto a reunir por un hogar para cubrir los bienes, servicios y el tiempo para cuidar estimado en la canasta de crianza ( INDEC) va desde $367.027 para ni\u00f1os de hasta 1 a\u00f1o a $454.568 para los de 6 a 12 a\u00f1os. Aunque la Tarjeta Alimentar y la AUH mantienen sus valores actualizados \u2212esto puede volverse discrecional si se aprueba como est\u00e1 el proyecto de ley de presupuesto 2025\u2212, el monto del programa Progresar reci\u00e9n se actualiz\u00f3 con un 75% en septiembre tras m\u00e1s de un a\u00f1o de congelamiento\u201d.<\/p>\n<p>Otro dato que preocupa es que \u201ca esto se suma la suspensi\u00f3n en lo que va del a\u00f1o \u2212con promesas de activarse en septiembre\u2212 de la provisi\u00f3n de alimentos a comedores escolares, barriales y de otras prestaciones hacia los Espacios de Primera Infancia (EPI), los Centros de Desarrollo Infantil (CDI) y los Espacios de Educaci\u00f3n Inicial (EEI). Los niveles de subejecuci\u00f3n \u2212entre 0% y 30% cerrando el a\u00f1o\u2212 para el inicio o terminaci\u00f3n de infraestructura de cuidado que inclu\u00eda tambi\u00e9n obras de mejora en infraestructura hospitalaria y de salud infantil completa el panorama de retiro del Estado en su rol garante de derechos de ni\u00f1os, ni\u00f1as y adolescentes y sus familias\u201d, detectaron en el seguimiento de 1730 casos en todo el pa\u00eds<\/p>\n<p>La cocina de los cuidados relev\u00f3 que de 49 pol\u00edticas de cuidado s\u00f3lo est\u00e1n vigente 7. \u201cCes\u00f3 la entrega de kits de apoyo a la lactancia materna, se subejecutaron programas nacionales de salud materno-infantil incluidos en pol\u00edticas de acompa\u00f1amiento al Curso de Vida, del Plan Mil d\u00edas y se interrumpi\u00f3 la distribuci\u00f3n de leche de f\u00f3rmula en algunas provincias argentinas (Buenos Aires, Santa Fe). La Ley Brisa contempla a trav\u00e9s del Programa RENNYA una ayuda econ\u00f3mica para ni\u00f1os, ni\u00f1as y adolescentes cuya madre o padre hayan sido v\u00edctimas de femicidios o femicidios vinculados. Esta ayuda econ\u00f3mica fue interrumpida y se cerraron las altas. El programa tiene una ejecuci\u00f3n a septiembre del 16%\u201d, se\u00f1al\u00f3 el estudio.<\/p>\n<p>Hay programas que se han descuidado y otros que est\u00e1n en riesgo. \u201cEl Programa de acompa\u00f1amiento para el egreso de adolescentes y j\u00f3venes sin cuidados parentales (PAES) registra un 50% de ejecuci\u00f3n, ambos dependientes de la SENAF en el Ministerio de Capital Humano. Y por \u00faltimo, el desarme de las pol\u00edticas de protecci\u00f3n de ni\u00f1as, adolescentes y mujeres con embarazos forzados y el desmantelamiento de la pol\u00edtica de prevenci\u00f3n de embarazo no intencional en la adolescencia (Plan ENIA), con un 14% de ejecuci\u00f3n, profundizan el abandono de la responsabilidad estatal sobre la infancia\u201d, se\u00f1al\u00f3 el estudio. El panorama para el presente y futuro de las infancias es alarmante.<\/p>\n","protected":false},"excerpt":{"rendered":"<p>Los datos de la Encuesta Permanente de Hogares del INDEC alarman. En el segmento de 0 a 14 a\u00f1os un 66,1% son pobres y un 27% indigentes. Entre los pobres de 12 a 17, la indigencia alcanza al 29,4% de los chicos &nbsp; &nbsp; Las cifras de pobreza de ni\u00f1os y j\u00f3venes del primer semestre del 2024 que relev\u00f3 el INDEC a trav\u00e9s de la Encuesta Permanente de Hogares conmueven. El 66,1% de los menores de 0 a 14 a\u00f1os es pobre y si se analiza el segmento de 12&#8230;<\/p>\n","protected":false},"author":3,"featured_media":118595,"comment_status":"closed","ping_status":"closed","sticky":false,"template":"","format":"standard","meta":[],"categories":[9],"tags":[],"_links":{"self":[{"href":"https:\/\/www.actualidadadiario.com\/index.php\/wp-json\/wp\/v2\/posts\/121309"}],"collection":[{"href":"https:\/\/www.actualidadadiario.com\/index.php\/wp-json\/wp\/v2\/posts"}],"about":[{"href":"https:\/\/www.actualidadadiario.com\/index.php\/wp-json\/wp\/v2\/types\/post"}],"author":[{"embeddable":true,"href":"https:\/\/www.actualidadadiario.com\/index.php\/wp-json\/wp\/v2\/users\/3"}],"replies":[{"embeddable":true,"href":"https:\/\/www.actualidadadiario.com\/index.php\/wp-json\/wp\/v2\/comments?post=121309"}],"version-history":[{"count":1,"href":"https:\/\/www.actualidadadiario.com\/index.php\/wp-json\/wp\/v2\/posts\/121309\/revisions"}],"predecessor-version":[{"id":121310,"href":"https:\/\/www.actualidadadiario.com\/index.php\/wp-json\/wp\/v2\/posts\/121309\/revisions\/121310"}],"wp:featuredmedia":[{"embeddable":true,"href":"https:\/\/www.actualidadadiario.com\/index.php\/wp-json\/wp\/v2\/media\/118595"}],"wp:attachment":[{"href":"https:\/\/www.actualidadadiario.com\/index.php\/wp-json\/wp\/v2\/media?parent=121309"}],"wp:term":[{"taxonomy":"category","embeddable":true,"href":"https:\/\/www.actualidadadiario.com\/index.php\/wp-json\/wp\/v2\/categories?post=121309"},{"taxonomy":"post_tag","embeddable":true,"href":"https:\/\/www.actualidadadiario.com\/index.php\/wp-json\/wp\/v2\/tags?post=121309"}],"curies":[{"name":"wp","href":"https:\/\/api.w.org\/{rel}","templated":true}]}}