{"id":121302,"date":"2024-10-09T10:06:32","date_gmt":"2024-10-09T13:06:32","guid":{"rendered":"https:\/\/www.actualidadadiario.com\/?p=121302"},"modified":"2024-10-09T10:06:32","modified_gmt":"2024-10-09T13:06:32","slug":"carlos-tepsich-asume-hoy-como-vocal-del-superior-tribunal-de-justicia","status":"publish","type":"post","link":"https:\/\/www.actualidadadiario.com\/index.php\/2024\/10\/09\/carlos-tepsich-asume-hoy-como-vocal-del-superior-tribunal-de-justicia\/","title":{"rendered":"Carlos Tepsich asume hoy como vocal del Superior Tribunal de Justicia"},"content":{"rendered":"<p style=\"text-align: center;\"><em><strong>Carlos Federico Tepsich jurar\u00e1 este mi\u00e9rcoles a las 11 como vocal titular de la Sala N\u00b0 2 en lo Civil y Comercial del Superior Tribunal de Justicia de Entre R\u00edos, cargo que ven\u00eda desempe\u00f1ando de manera interina. En la ceremonia estar\u00e1 el gobernador Rogelio Frigerio<\/strong><\/em><\/p>\n<p>&nbsp;<\/p>\n<p>&nbsp;<\/p>\n<p>El acto de asunci\u00f3n tendr\u00e1 lugar este mi\u00e9rcoles 9\u00a0 a las 11 en el Sal\u00f3n de Actos, donde estar\u00e1n presentes las autoridades del STJ y el gobernador Rogelio Frigerio.<\/p>\n<p>Carlos Tepsich es abogado, egresado de la Universidad Nacional del Litoral, Facultad de Ciencias Jur\u00eddicas y Sociales de Santas Fe (1993). Posee un doctorado en Ciencias Jur\u00eddicas y Sociales. Facultad de Derecho y Ciencias Sociales del Rosario, Pontifica Universidad Cat\u00f3lica Argentina (2014). Es magister en Derecho &#8211; Universidad Nacional del Litoral, Facultad de Ciencias Jur\u00eddicas y Sociales de Santas Fe (2003). Es magister en Derecho Administrativo \u2013 Facultad de Derecho de la Universidad Austral de Buenos Aires. Y\u00a0 curs\u00f3 la carrera de Postgrado: \u201cEspecializaci\u00f3n en Derecho Procesal\u201d. Universidad Nacional de San Martin y Fundaci\u00f3n de Estudio Superiores e Investigaci\u00f3n (FUNDESI), Buenos Aires (2016).<\/p>\n<p>En el Poder Judicial se ha desempe\u00f1ado como secretario de Juzgado de Primera Instancia en lo Civil y Comercial N\u00ba5 de la Ciudad de Paran\u00e1 &#8211; (1999 a 2000); abogado relator de la Fiscal\u00eda General del Superior Tribunal de Justicia de Entre R\u00edos (2000 a 2005); juez titular de Primera instancia en lo Civil y Comercial N\u00ba2 de Concepci\u00f3n del Uruguay (2005 \u2013 2016); vocal Titular de la Excelent\u00edsima Sala Civil y Comercial de la C\u00e1mara de Apelaciones de Concepci\u00f3n del Uruguay &#8211; (2016 a la actualidad).<\/p>\n<p>&nbsp;<\/p>\n<p><strong>Sobre su designaci\u00f3n<\/strong><\/p>\n<p>En el mes de marzo Tepsich fue designado por el Superior Tribunal de Justicia como vocal interino de la Sala N\u00ba 2 en lo Civil y Comercial del Superior Tribunal de Justicia de Entre R\u00edos.<\/p>\n<p>El nombramiento se hizo en funci\u00f3n de las prerrogativas que la Constituci\u00f3n y la legislaci\u00f3n vigente otorgan al Alto Cuerpo.<\/p>\n<p>Posteriormente, y tal como lo establece la Constituci\u00f3n provincial, atraves\u00f3, en el mes de junio, la instancia de la audiencia p\u00fablica en la Comisi\u00f3n de Acuerdos de la C\u00e1mara de Senadores. Su pliego fue aprobado en agosto por unanimidad del Senado provincial.<\/p>\n","protected":false},"excerpt":{"rendered":"<p>Carlos Federico Tepsich jurar\u00e1 este mi\u00e9rcoles a las 11 como vocal titular de la Sala N\u00b0 2 en lo Civil y Comercial del Superior Tribunal de Justicia de Entre R\u00edos, cargo que ven\u00eda desempe\u00f1ando de manera interina. En la ceremonia estar\u00e1 el gobernador Rogelio Frigerio &nbsp; &nbsp; El acto de asunci\u00f3n tendr\u00e1 lugar este mi\u00e9rcoles 9\u00a0 a las 11 en el Sal\u00f3n de Actos, donde estar\u00e1n presentes las autoridades del STJ y el gobernador Rogelio Frigerio. Carlos Tepsich es abogado, egresado de la Universidad Nacional del Litoral, Facultad de Ciencias&#8230;<\/p>\n","protected":false},"author":3,"featured_media":121303,"comment_status":"closed","ping_status":"closed","sticky":false,"template":"","format":"standard","meta":[],"categories":[15],"tags":[],"_links":{"self":[{"href":"https:\/\/www.actualidadadiario.com\/index.php\/wp-json\/wp\/v2\/posts\/121302"}],"collection":[{"href":"https:\/\/www.actualidadadiario.com\/index.php\/wp-json\/wp\/v2\/posts"}],"about":[{"href":"https:\/\/www.actualidadadiario.com\/index.php\/wp-json\/wp\/v2\/types\/post"}],"author":[{"embeddable":true,"href":"https:\/\/www.actualidadadiario.com\/index.php\/wp-json\/wp\/v2\/users\/3"}],"replies":[{"embeddable":true,"href":"https:\/\/www.actualidadadiario.com\/index.php\/wp-json\/wp\/v2\/comments?post=121302"}],"version-history":[{"count":1,"href":"https:\/\/www.actualidadadiario.com\/index.php\/wp-json\/wp\/v2\/posts\/121302\/revisions"}],"predecessor-version":[{"id":121304,"href":"https:\/\/www.actualidadadiario.com\/index.php\/wp-json\/wp\/v2\/posts\/121302\/revisions\/121304"}],"wp:featuredmedia":[{"embeddable":true,"href":"https:\/\/www.actualidadadiario.com\/index.php\/wp-json\/wp\/v2\/media\/121303"}],"wp:attachment":[{"href":"https:\/\/www.actualidadadiario.com\/index.php\/wp-json\/wp\/v2\/media?parent=121302"}],"wp:term":[{"taxonomy":"category","embeddable":true,"href":"https:\/\/www.actualidadadiario.com\/index.php\/wp-json\/wp\/v2\/categories?post=121302"},{"taxonomy":"post_tag","embeddable":true,"href":"https:\/\/www.actualidadadiario.com\/index.php\/wp-json\/wp\/v2\/tags?post=121302"}],"curies":[{"name":"wp","href":"https:\/\/api.w.org\/{rel}","templated":true}]}}