{"id":121298,"date":"2024-10-09T10:04:34","date_gmt":"2024-10-09T13:04:34","guid":{"rendered":"https:\/\/www.actualidadadiario.com\/?p=121298"},"modified":"2024-10-09T10:04:34","modified_gmt":"2024-10-09T13:04:34","slug":"por-complementaria-se-pagara-el-jueves-el-fondo-provincial-de-incentivo-docente-y-conectividad-en-entre-rios","status":"publish","type":"post","link":"https:\/\/www.actualidadadiario.com\/index.php\/2024\/10\/09\/por-complementaria-se-pagara-el-jueves-el-fondo-provincial-de-incentivo-docente-y-conectividad-en-entre-rios\/","title":{"rendered":"Por complementaria, se pagar\u00e1 el jueves el Fondo Provincial de Incentivo Docente y Conectividad en Entre R\u00edos"},"content":{"rendered":"<p style=\"text-align: center;\"><em><strong>La provincia pagar\u00e1 el jueves 10 de octubre, por planilla complementaria, los \u00edtems &#8220;Fondo Provincial de Incentivo Docente (Fopid)&#8221;, &#8220;Conectividad&#8221; y el diferencial de &#8220;traslado&#8221;, que pasa de 60 a 80 kil\u00f3metros<\/strong><\/em><\/p>\n<p>&nbsp;<\/p>\n<p>&nbsp;<\/p>\n<p>La provincia pagar\u00e1 por planilla complementaria los items &#8220;Fondo Provincial de Incentivo Docente (Fopid)&#8221;, &#8220;Conectividad&#8221; y el diferencial de &#8220;traslado&#8221;, que pasa de 60 a 80 kil\u00f3metros. El pago se realizar\u00e1 el jueves 10 de octubre, por disposici\u00f3n del gobernador Rogelio Frigerio.<\/p>\n<p>Seg\u00fan se inform\u00f3 desde el gobierno provincial, la modalidad responde a que la finalizaci\u00f3n de la conciliaci\u00f3n obligatoria con los gremios docentes y la posterior publicaci\u00f3n del decreto (el n\u00famero 2.301\/24) se llev\u00f3 a cabo luego de la liquidaci\u00f3n de los haberes de septiembre. A partir del pr\u00f3ximo mes &#8220;se normalizar\u00e1 la situaci\u00f3n&#8221;, indicaron.<\/p>\n<p>Cabe recordar que, a trav\u00e9s del Decreto N\u00ba 2.754 el gobierno entrerriano cre\u00f3 el Fondo Provincial de Incentivo Docente (Fopid) y el Complemento Provincial de Conectividad, a trav\u00e9s de los cuales se hace cargo de los \u00edtems que dio de baja el Gobierno Nacional.<\/p>\n<p>De esta manera, un docente entrerriano percibir\u00e1 un incremento de 58.000 pesos para un cargo de jornada simple y 116.000 pesos para un cargo de jornada completa.<\/p>\n<p>&#8220;Con recursos provinciales y haciendo un gran esfuerzo, el gobierno entrerriano recompone el salario docente tras el fuerte impacto por la eliminaci\u00f3n del Fondo Nacional de Incentivo Docente (Fonid) y Conectividad dispuesto por el gobierno nacional. De esta manera, la provincia da respuesta a uno de los principales reclamos de los docentes&#8221;, expresaron.<\/p>\n<p>&nbsp;<\/p>\n<p><strong>Recomposici\u00f3n del primer semestre<\/strong><\/p>\n<p>Por otro lado, cabe recordar que el gobierno y los gremios dialogaron y arribaron a una diferencia entre la pauta salarial aplicada y la inflaci\u00f3n del primer semestre arrojaba una diferencia del 6,55 por ciento, sobre base junio 2024. Por tal motivo, el gobierno otorgar\u00e1 para los per\u00edodos octubre, noviembre y diciembre de 2024 un 2,183 por ciento por mes, con base en los salarios de junio 2024. Este jueves 10 de octubre se realizar\u00e1 el primer pago.<\/p>\n<p>&nbsp;<\/p>\n<p><strong>Aumentos por inflaci\u00f3n<\/strong><\/p>\n<p>Adem\u00e1s, el gobierno fij\u00f3 para el mes de septiembre un incremento del 4,2 por ciento sobre los salarios de junio de 2024. En tanto, para los sueldos correspondientes al periodo octubre a diciembre del corriente a\u00f1o, el incremento en los haberes ser\u00e1 equivalente al porcentaje del \u00cdndices de Precios de Consumo (IPC) Nivel General publicado por el Instituto Nacional de Estad\u00edstica y Censos (Indec) Argentina para el mes inmediato anterior, aplicado sobre la base de junio.<\/p>\n<p>Tambi\u00e9n, a partir del 1 de septiembre de 2024, el haber m\u00ednimo de bolsillo para un cargo docente de jornada simple, neto de Asignaciones Familiares y de descuentos de Ley, ser\u00e1 mayor o igual al 110 por ciento de la canasta b\u00e1sica del consumo para un hogar de tipo II publicado por el Indec para el mes inmediato anterior al liquidado.<\/p>\n","protected":false},"excerpt":{"rendered":"<p>La provincia pagar\u00e1 el jueves 10 de octubre, por planilla complementaria, los \u00edtems &#8220;Fondo Provincial de Incentivo Docente (Fopid)&#8221;, &#8220;Conectividad&#8221; y el diferencial de &#8220;traslado&#8221;, que pasa de 60 a 80 kil\u00f3metros &nbsp; &nbsp; La provincia pagar\u00e1 por planilla complementaria los items &#8220;Fondo Provincial de Incentivo Docente (Fopid)&#8221;, &#8220;Conectividad&#8221; y el diferencial de &#8220;traslado&#8221;, que pasa de 60 a 80 kil\u00f3metros. El pago se realizar\u00e1 el jueves 10 de octubre, por disposici\u00f3n del gobernador Rogelio Frigerio. Seg\u00fan se inform\u00f3 desde el gobierno provincial, la modalidad responde a que la finalizaci\u00f3n&#8230;<\/p>\n","protected":false},"author":3,"featured_media":105892,"comment_status":"closed","ping_status":"closed","sticky":false,"template":"","format":"standard","meta":[],"categories":[15],"tags":[],"_links":{"self":[{"href":"https:\/\/www.actualidadadiario.com\/index.php\/wp-json\/wp\/v2\/posts\/121298"}],"collection":[{"href":"https:\/\/www.actualidadadiario.com\/index.php\/wp-json\/wp\/v2\/posts"}],"about":[{"href":"https:\/\/www.actualidadadiario.com\/index.php\/wp-json\/wp\/v2\/types\/post"}],"author":[{"embeddable":true,"href":"https:\/\/www.actualidadadiario.com\/index.php\/wp-json\/wp\/v2\/users\/3"}],"replies":[{"embeddable":true,"href":"https:\/\/www.actualidadadiario.com\/index.php\/wp-json\/wp\/v2\/comments?post=121298"}],"version-history":[{"count":1,"href":"https:\/\/www.actualidadadiario.com\/index.php\/wp-json\/wp\/v2\/posts\/121298\/revisions"}],"predecessor-version":[{"id":121299,"href":"https:\/\/www.actualidadadiario.com\/index.php\/wp-json\/wp\/v2\/posts\/121298\/revisions\/121299"}],"wp:featuredmedia":[{"embeddable":true,"href":"https:\/\/www.actualidadadiario.com\/index.php\/wp-json\/wp\/v2\/media\/105892"}],"wp:attachment":[{"href":"https:\/\/www.actualidadadiario.com\/index.php\/wp-json\/wp\/v2\/media?parent=121298"}],"wp:term":[{"taxonomy":"category","embeddable":true,"href":"https:\/\/www.actualidadadiario.com\/index.php\/wp-json\/wp\/v2\/categories?post=121298"},{"taxonomy":"post_tag","embeddable":true,"href":"https:\/\/www.actualidadadiario.com\/index.php\/wp-json\/wp\/v2\/tags?post=121298"}],"curies":[{"name":"wp","href":"https:\/\/api.w.org\/{rel}","templated":true}]}}