{"id":121295,"date":"2024-10-09T10:03:47","date_gmt":"2024-10-09T13:03:47","guid":{"rendered":"https:\/\/www.actualidadadiario.com\/?p=121295"},"modified":"2024-10-09T10:03:47","modified_gmt":"2024-10-09T13:03:47","slug":"la-presidenta-de-la-fecier-detallo-como-se-aplicaran-los-tratamientos-aereos-que-frigerio-se-comprometio-a-flexibilizar","status":"publish","type":"post","link":"https:\/\/www.actualidadadiario.com\/index.php\/2024\/10\/09\/la-presidenta-de-la-fecier-detallo-como-se-aplicaran-los-tratamientos-aereos-que-frigerio-se-comprometio-a-flexibilizar\/","title":{"rendered":"La presidenta de la FECIER detall\u00f3 c\u00f3mo se aplicar\u00e1n \u00ablos tratamientos a\u00e9reos\u00bb que Frigerio se comprometi\u00f3 a flexibilizar"},"content":{"rendered":"<p style=\"text-align: center;\"><em><strong>Desde la Federaci\u00f3n del Citrus de Entre R\u00edos, Melania Zorzi, repas\u00f3 la situaci\u00f3n actual del sector y brind\u00f3 una valoraci\u00f3n sobre el tratamiento de la Ley de las Buenas Pr\u00e1cticas Agr\u00edcolas y la reforma de la Ley de Agroqu\u00edmicos<\/strong><\/em><\/p>\n<p>&nbsp;<\/p>\n<p>La presidenta de la FeCiER coment\u00f3 que \u201cel tratamiento de la Ley de las Buenas Pr\u00e1cticas Agr\u00edcolas para la aplicaci\u00f3n de fitosanitarios, est\u00e1 hace bastante tiempo, pero la aprobaci\u00f3n todav\u00eda viene demorada\u201d, por lo que \u201chabr\u00e1 que ver cu\u00e1les de las reformar van a ser aprobadas y cu\u00e1les no\u201d.<\/p>\n<p>Asimismo, precis\u00f3 que \u201cel tema del control de la mosca de los frutos es prioritario, as\u00ed que los productores pidieron que se tenga en cuenta la posibilidad de volver a hacer pulverizaciones a\u00e9reas\u201d para controlar su avance. La medida \u201cse pidi\u00f3 hace un mes y saldr\u00eda la resoluci\u00f3n para los \u00faltimos meses de este a\u00f1o\u201d, adelant\u00f3 Zorzi y explic\u00f3 que \u201ceso permitir\u00eda hacer los tratamientos a\u00e9reos, pero exclusivamente con el \u00fanico producto aprobado y solamente para el tratamiento de la mosca de los frutos, ya que ser\u00eda una excepci\u00f3n contemplando el flagelo para el sector\u201d.<\/p>\n<p>Al respecto, mencion\u00f3 que \u201ccuando SENASA determine que el valor de mosca que est\u00e1 es el necesario para empezar a hacer los controles, habr\u00e1 que hacer estos tratamientos\u201d, porque \u201ctampoco los pod\u00e9s hacer cuando la plaga ya est\u00e1 muy avanzada\u201d.<\/p>\n<p>Adem\u00e1s, destac\u00f3 que \u201csi se aprueba la reforma de la ley de agroqu\u00edmicos, queda tambi\u00e9n aprobado el uso de drones, que no ten\u00edan un marco legal\u201d y, a pesar de que \u201cno es algo barato al igual que las pulverizaciones a\u00e9reas, en este \u00faltimo a\u00f1o se ha difundido mucho e inclusive hay algunas empresas que han comprado sus propios drones\u201d y subray\u00f3 que \u201cla parte operativa de los drones permitir\u00eda tambi\u00e9n que las distancias de aplicaci\u00f3n puedan acortarse m\u00e1s con respecto a las zonas pobladas\u201d.<\/p>\n<p>&nbsp;<\/p>\n<p><strong>Granizo<\/strong><\/p>\n<p>Consultada sobre las consecuencias del granizo en la provincia y la respuesta por parte del gobierno al respecto, Zorzi mencion\u00f3 que \u201clo primero que solicitaron fue un informe t\u00e9cnico, que lo hizo el INTA\u201d, por lo que \u201cen los pr\u00f3ximos d\u00edas, la provincia declarar\u00eda la emergencia agropecuaria, que facilitar\u00eda a los productores l\u00edneas de cr\u00e9ditos del Consejo Federal de Inversiones, pero con tasas subsidiadas\u201d.<\/p>\n<p>Sobre los cr\u00e9ditos, remarc\u00f3 que \u201cel gobernador habl\u00f3 de 4 mil millones de pesos\u201d, pero \u201cel productor tiene que hacer su certificado y el monto que reciba depender\u00e1 de cu\u00e1nto le afect\u00f3 la piedra\u201d.<\/p>\n<p>Asimismo, apunt\u00f3 que \u201cel gobernador anunci\u00f3 tambi\u00e9n el aporte destinado para el convenio de HLV, que ser\u00e1 de 135 millones de pesos, de los que el sector privado, la Federaci\u00f3n del Citrus y la C\u00e1mara de Exportadores ponen 60 millones y la provincia 75 millones\u201d, por lo que \u201cestamos esperando ansiosos que se empiece a hacer ese aporte para darle continuidad al programa\u201d.<\/p>\n<p>&nbsp;<\/p>\n<p><strong>Precipitaciones<\/strong><\/p>\n<p>Finalmente, Zorzi repas\u00f3 la situaci\u00f3n de las precipitaciones en la regi\u00f3n y remarc\u00f3 que \u201cen el mes de septiembre venimos normal si uno compara con los a\u00f1os hist\u00f3ricos en el departamento Concordia\u201d, pero subray\u00f3 que \u201cse prev\u00e9 que diciembre y enero sean deficitarios y que las precipitaciones se empiecen a ver reducidas a partir de noviembre\u201d.<\/p>\n","protected":false},"excerpt":{"rendered":"<p>Desde la Federaci\u00f3n del Citrus de Entre R\u00edos, Melania Zorzi, repas\u00f3 la situaci\u00f3n actual del sector y brind\u00f3 una valoraci\u00f3n sobre el tratamiento de la Ley de las Buenas Pr\u00e1cticas Agr\u00edcolas y la reforma de la Ley de Agroqu\u00edmicos &nbsp; La presidenta de la FeCiER coment\u00f3 que \u201cel tratamiento de la Ley de las Buenas Pr\u00e1cticas Agr\u00edcolas para la aplicaci\u00f3n de fitosanitarios, est\u00e1 hace bastante tiempo, pero la aprobaci\u00f3n todav\u00eda viene demorada\u201d, por lo que \u201chabr\u00e1 que ver cu\u00e1les de las reformar van a ser aprobadas y cu\u00e1les no\u201d. Asimismo,&#8230;<\/p>\n","protected":false},"author":3,"featured_media":121296,"comment_status":"closed","ping_status":"closed","sticky":false,"template":"","format":"standard","meta":[],"categories":[15],"tags":[],"_links":{"self":[{"href":"https:\/\/www.actualidadadiario.com\/index.php\/wp-json\/wp\/v2\/posts\/121295"}],"collection":[{"href":"https:\/\/www.actualidadadiario.com\/index.php\/wp-json\/wp\/v2\/posts"}],"about":[{"href":"https:\/\/www.actualidadadiario.com\/index.php\/wp-json\/wp\/v2\/types\/post"}],"author":[{"embeddable":true,"href":"https:\/\/www.actualidadadiario.com\/index.php\/wp-json\/wp\/v2\/users\/3"}],"replies":[{"embeddable":true,"href":"https:\/\/www.actualidadadiario.com\/index.php\/wp-json\/wp\/v2\/comments?post=121295"}],"version-history":[{"count":1,"href":"https:\/\/www.actualidadadiario.com\/index.php\/wp-json\/wp\/v2\/posts\/121295\/revisions"}],"predecessor-version":[{"id":121297,"href":"https:\/\/www.actualidadadiario.com\/index.php\/wp-json\/wp\/v2\/posts\/121295\/revisions\/121297"}],"wp:featuredmedia":[{"embeddable":true,"href":"https:\/\/www.actualidadadiario.com\/index.php\/wp-json\/wp\/v2\/media\/121296"}],"wp:attachment":[{"href":"https:\/\/www.actualidadadiario.com\/index.php\/wp-json\/wp\/v2\/media?parent=121295"}],"wp:term":[{"taxonomy":"category","embeddable":true,"href":"https:\/\/www.actualidadadiario.com\/index.php\/wp-json\/wp\/v2\/categories?post=121295"},{"taxonomy":"post_tag","embeddable":true,"href":"https:\/\/www.actualidadadiario.com\/index.php\/wp-json\/wp\/v2\/tags?post=121295"}],"curies":[{"name":"wp","href":"https:\/\/api.w.org\/{rel}","templated":true}]}}