{"id":12128,"date":"2017-05-29T10:14:19","date_gmt":"2017-05-29T13:14:19","guid":{"rendered":"http:\/\/actualidadadiario.com\/site\/?p=12128"},"modified":"2017-05-29T10:14:19","modified_gmt":"2017-05-29T13:14:19","slug":"con-obras-creditos-y-aportes-bordet-prepara-una-bateria-de-medidas-para-dinamizar-la-produccion","status":"publish","type":"post","link":"https:\/\/www.actualidadadiario.com\/index.php\/2017\/05\/29\/con-obras-creditos-y-aportes-bordet-prepara-una-bateria-de-medidas-para-dinamizar-la-produccion\/","title":{"rendered":"Con obras, cr\u00e9ditos y aportes Bordet prepara una bater\u00eda de medidas para dinamizar la producci\u00f3n"},"content":{"rendered":"<p><em><strong>El gobernador Gustavo Bordet se reuni\u00f3 con el ministro de Producci\u00f3n, Carlos Schepens y el fiscal de Estado, Julio Rodr\u00edguez Signes, para analizar la marcha de gestiones y obras que beneficiar\u00e1n a diversas cadenas productivas. Puertos, cr\u00e9ditos productivos, asistencia a productores, aportes para j\u00f3venes emprendedores, la planta de tratamiento de efluentes industriales de Villaguay, y el laboratorio lechero fueron algunos de los temas abordados durante la reuni\u00f3n<\/strong><\/em><\/p>\n<p>&nbsp;<\/p>\n<p>&nbsp;<\/p>\n<p>&nbsp;<\/p>\n<p>&nbsp;<\/p>\n<p>Bordet recibi\u00f3 al ministro y al Fiscal de Estado en su despacho en Casa de Gobierno. Al t\u00e9rmino del encuentro Schepens inform\u00f3 que &#8220;ya estar\u00eda terminado el dragado de Diamante&#8221; y que \u201chasta ahora venimos cumpliendo con todos los tiempos\u201d.<\/p>\n<p>&nbsp;<\/p>\n<p>\u201cLa Provincia ha demostrado, tanto en la primera y segunda etapa, que llega en tiempo y forma. Nunca se hab\u00eda podido resolver de esta manera tan r\u00e1pida y con todas las instituciones del sector privado encolumnadas detr\u00e1s de esto. La provincia hizo un trabajo muy importante&#8221;, subray\u00f3.<\/p>\n<p>&nbsp;<\/p>\n<p>El ministro destac\u00f3 que &#8220;el puerto de Diamante es el que tiene mayor infraestructura en tierra: tiene 75.000 toneladas de capacidad de almacenamiento, cinco plataformas de descarga, dos secadoras con gas natural\u201d, por lo que \u201cest\u00e1n sentadas las bases para un crecimiento importante&#8221;, para lo cual \u201cel gobierno estar\u00e1 monitoreando\u201d.<\/p>\n<p>&nbsp;<\/p>\n<p>Adem\u00e1s, detall\u00f3 que durante el encuentro tambi\u00e9n se trat\u00f3 &#8220;el redimensionamiento de la planta de efluentes de Villaguay, que es un tema con el cual el gobernador se comprometi\u00f3&#8221;.<\/p>\n<p>&nbsp;<\/p>\n<p>&nbsp;<\/p>\n<p>&nbsp;<\/p>\n<p><strong>Cr\u00e9ditos productivos para Entre R\u00edos <\/strong><\/p>\n<p>Tambi\u00e9n, en la reuni\u00f3n, Bordet analiz\u00f3 las distintas l\u00edneas de cr\u00e9ditos productivos del Consejo Federal de Inversiones (CFI) con tasa preferencial para los equipos de riego de ma\u00edz.<\/p>\n<p>&nbsp;<\/p>\n<p>\u201cEl ma\u00edz es realmente la base productiva de la provincia de Entre R\u00edos\u201d, defini\u00f3 el ministro y sostuvo que la \u201cprovincia que tiene todo para implementar e incentivar la cultura de riego\u201d y que \u201ces algo que realmente se necesita, porque da previsibilidad al ma\u00edz y a todos los cultivos&#8221;.<\/p>\n<p>&nbsp;<\/p>\n<p>En esa l\u00ednea, Schepens detall\u00f3 que &#8220;estamos hablando de un cr\u00e9dito, en principio de 50 millones de pesos, con una tasa del 14 por ciento anual, con un a\u00f1o de gracia y cinco de pago. Y en el caso de los equipos de riego, tendr\u00edan algunos puntos m\u00e1s de bonificaci\u00f3n&#8221;.<\/p>\n<p>&nbsp;<\/p>\n<p>En otro orden, el funcionario tambi\u00e9n se refiri\u00f3 a la relaci\u00f3n con el gobierno nacional, sobre lo cual afirm\u00f3 que todos los programas del Ministerio de la Producci\u00f3n de la Naci\u00f3n &#8220;estar\u00e1n a disposici\u00f3n de la provincia, entre ellas, metas y visitas a empresas, que es una experiencia nueva, muy interesante que primero se desarrollar\u00e1 en Paran\u00e1 y luego en la costa del Uruguay&#8221;.<\/p>\n<p>&nbsp;<\/p>\n<p>&nbsp;<\/p>\n<p>&nbsp;<\/p>\n<p><strong>Laboratorio sector lechero <\/strong><\/p>\n<p>Por otra parte, Schepens anunci\u00f3 que se prev\u00e9 tener listo el laboratorio del sector lechero en octubre \u201cporque es una necesidad muy grande del sector\u201d, y que se llev\u00f3 a cabo una modificaci\u00f3n presupuestaria porque, \u201ca diferencia de lo previsto en un principio, los equipos que se comprar\u00e1n ya puestos en el laboratorio y calibrados all\u00ed\u201d.<\/p>\n<p>&nbsp;<\/p>\n<p>&nbsp;<\/p>\n<p>&nbsp;<\/p>\n<p><strong>Acompa\u00f1amiento a j\u00f3venes emprendedores <\/strong><\/p>\n<p>Otro de los temas analizados en el encuentro con Bordet fue el acompa\u00f1amiento del gobierno provincial a emprendedores. Al respecto, Schepens sostuvo que, en una primera etapa: &#8220;se presentaron iniciativas por siete millones de pesos, en apoyo a 200 j\u00f3venes emprendedores. Esto se aprob\u00f3 la semana pasada y hoy le informamos al gobernador para establecer una fecha para efectivizarlo&#8221;.<\/p>\n<p>&nbsp;<\/p>\n<p>Tambi\u00e9n se conoci\u00f3 que la provincia firmar\u00e1 con la municipalidad de Montevideo un convenio para fomentar el intercambio de pol\u00edticas vinculadas a buenas pr\u00e1cticas agr\u00edcolas. Para ello se realizar\u00e1 previamente una jornada t\u00e9cnica con diputados, senadores y t\u00e9cnicos del Ministerio de Producci\u00f3n en Montevideo sobre leyes del vecino pa\u00eds vinculadas a herbicidas, fertilizantes, agroqu\u00edmicos, rotaciones de la tierra.<\/p>\n<p>&nbsp;<\/p>\n<p>&#8220;La firma del convenio coincidir\u00e1 con la Jornada del Artiguismo del Congreso de Oriente. Esto va junto con lo que es el Comit\u00e9 de la Hidrov\u00eda, el laboratorio de carga binacional en Concordia y el puerto binacional de Salto, proyectos que est\u00e1n muy avanzados&#8221;, concluy\u00f3 Schepens.<\/p>\n","protected":false},"excerpt":{"rendered":"<p>El gobernador Gustavo Bordet se reuni\u00f3 con el ministro de Producci\u00f3n, Carlos Schepens y el fiscal de Estado, Julio Rodr\u00edguez Signes, para analizar la marcha de gestiones y obras que beneficiar\u00e1n a diversas cadenas productivas. Puertos, cr\u00e9ditos productivos, asistencia a productores, aportes para j\u00f3venes emprendedores, la planta de tratamiento de efluentes industriales de Villaguay, y el laboratorio lechero fueron algunos de los temas abordados durante la reuni\u00f3n &nbsp; &nbsp; &nbsp; &nbsp; Bordet recibi\u00f3 al ministro y al Fiscal de Estado en su despacho en Casa de Gobierno. Al t\u00e9rmino del&#8230;<\/p>\n","protected":false},"author":3,"featured_media":12129,"comment_status":"closed","ping_status":"closed","sticky":false,"template":"","format":"standard","meta":[],"categories":[15],"tags":[],"_links":{"self":[{"href":"https:\/\/www.actualidadadiario.com\/index.php\/wp-json\/wp\/v2\/posts\/12128"}],"collection":[{"href":"https:\/\/www.actualidadadiario.com\/index.php\/wp-json\/wp\/v2\/posts"}],"about":[{"href":"https:\/\/www.actualidadadiario.com\/index.php\/wp-json\/wp\/v2\/types\/post"}],"author":[{"embeddable":true,"href":"https:\/\/www.actualidadadiario.com\/index.php\/wp-json\/wp\/v2\/users\/3"}],"replies":[{"embeddable":true,"href":"https:\/\/www.actualidadadiario.com\/index.php\/wp-json\/wp\/v2\/comments?post=12128"}],"version-history":[{"count":1,"href":"https:\/\/www.actualidadadiario.com\/index.php\/wp-json\/wp\/v2\/posts\/12128\/revisions"}],"predecessor-version":[{"id":12130,"href":"https:\/\/www.actualidadadiario.com\/index.php\/wp-json\/wp\/v2\/posts\/12128\/revisions\/12130"}],"wp:featuredmedia":[{"embeddable":true,"href":"https:\/\/www.actualidadadiario.com\/index.php\/wp-json\/wp\/v2\/media\/12129"}],"wp:attachment":[{"href":"https:\/\/www.actualidadadiario.com\/index.php\/wp-json\/wp\/v2\/media?parent=12128"}],"wp:term":[{"taxonomy":"category","embeddable":true,"href":"https:\/\/www.actualidadadiario.com\/index.php\/wp-json\/wp\/v2\/categories?post=12128"},{"taxonomy":"post_tag","embeddable":true,"href":"https:\/\/www.actualidadadiario.com\/index.php\/wp-json\/wp\/v2\/tags?post=12128"}],"curies":[{"name":"wp","href":"https:\/\/api.w.org\/{rel}","templated":true}]}}