{"id":121263,"date":"2024-10-08T13:04:01","date_gmt":"2024-10-08T16:04:01","guid":{"rendered":"https:\/\/www.actualidadadiario.com\/?p=121263"},"modified":"2024-10-08T13:04:01","modified_gmt":"2024-10-08T16:04:01","slug":"gremios-del-transporte-anunciaron-un-paro-nacional-para-el-30-de-octubre-que-afectara-a-trenes-aviones-camiones-y-barcos","status":"publish","type":"post","link":"https:\/\/www.actualidadadiario.com\/index.php\/2024\/10\/08\/gremios-del-transporte-anunciaron-un-paro-nacional-para-el-30-de-octubre-que-afectara-a-trenes-aviones-camiones-y-barcos\/","title":{"rendered":"Gremios del transporte anunciaron un paro nacional para el 30 de octubre que afectar\u00e1 a trenes, aviones, camiones y barcos"},"content":{"rendered":"<p style=\"text-align: center;\"><em><strong>El encuentro de la Mesa Nacional del Transporte fue este martes en el Complejo Deportivo de la Federaci\u00f3n de Peones de Taxis, ubicado en Quintino Bocayuva 1.274 de la ciudad de Buenos Aires y estuvieron presentes representantes de Camioneros, Pilotos, Aeronavegantes, La Fraternidad, la UTA, Dragado y Balizamiento y el SOMU. No hubo representaci\u00f3n de la UTA, que est\u00e1 negociando su paritaria con el Gobierno<\/strong><\/em><\/p>\n<p>&nbsp;<\/p>\n<p>&nbsp;<\/p>\n<p>La Mesa Nacional del Transporte, que agrupa a los sindicatos de la CATT y la UGATT, anunci\u00f3 un paro nacional para el 30 de octubre que afectar\u00e1 el servicio de trenes, colectivos, aviones y barcos en todo el pa\u00eds, de acuerdo a lo que decidieron hoy en una reuni\u00f3n de la que participaron las comisiones directivas y los cuerpos delegados de las siete organizaciones que integran esa agrupaci\u00f3n, alejadas de la CGT. No hubo representaci\u00f3n de la UTA, que est\u00e1 negociando su paritaria con el Gobierno.<\/p>\n<p>El encuentro de la Mesa nacional del Transporte fue este martes en el Complejo Deportivo de la Federaci\u00f3n de Peones de Taxis, ubicado en Quintino Bocayuva 1.274 de la ciudad de Buenos Aires y estuvieron presentes representantes de Camioneros, Pilotos, Aeronavegantes, La Fraternidad, la UTA, Dragado y Balizamiento y el SOMU, adem\u00e1s de la Asociaci\u00f3n Obrera de la Industria del Transporte Automotor (AOITA), de C\u00f3rdoba, y el Sindicato de Apuntadores Mar\u00edtimos (SEAMARA).<\/p>\n<p>La atenci\u00f3n estaba centrada en la fecha, que un principio pod\u00eda ser el 17 de este mes, fecha que coincide con el D\u00eda de la Lealtad Peronista. Pero finalmente decidieron dejar la medida de fuerza para m\u00e1s adelante y qued\u00f3 fijada para el 30 de este mes.<\/p>\n<p>Concurrieron los secretarios generales Pablo Moyano (Camioneros); Juan Pablo Brey (Aeronavegantes); Omar Maturano (La Fraternidad); Mario Caligari (UTA); Juan Carlos Schmid (FeMPINRA); Pablo Bir\u00f3 (APLA); Emiliano Gramajo (AOITA); Javier L\u00f3pez (Seamara) y Ra\u00fal Durdos (SOMU), entre otros.<\/p>\n<p>Tras la reuni\u00f3n, el l\u00edder de Camionero, Pablo Moyano, dej\u00f3 la puerta abierta para que se sumen a la medida de fuerza los trabajadores nucleados en la Uni\u00f3n Tranviaria Automotor (UTA): \u201cNo voy a hablar por los trabajadores colectiveros. Quedan 20 d\u00edas todav\u00eda y vamos a ir a hablar con los colectiveros. Lo importante es los que vamos a parar. Los que se quieren sumar que se sumen\u201d, asegur\u00f3 en conferencia de prensa.<\/p>\n<p>Asimismo, Moyano rechaz\u00f3 reunirse con el Gobierno: \u201cNo me voy a sentar a dialogar con nuestro verdugo, fue un error estrat\u00e9gico de los compa\u00f1eros que fueron. \u00bfQu\u00e9 voy a hablar yo con Francos? Lo importante es la decisi\u00f3n que ha tomado el 99% de los gremios\u201d, manifest\u00f3.<\/p>\n<p>La mayor\u00eda de los sindicatos de la actividad (todos los de la CATT) est\u00e1n alineados con el moyanismo, es decir, al ala m\u00e1s \u201cdura\u201d de la CGT, pero el sector m\u00e1s \u201cdialoguista\u201d acaba de reactivar las negociaciones con la gesti\u00f3n de Javier Milei, por lo que, hasta este lunes, no estaba claro qu\u00e9 definici\u00f3n tomar\u00edan.<\/p>\n<p>En ese marco, el influyente gremio de los colectiveros de la UTA, que integra la UGATT, tom\u00f3 distancia de la chance de ir a un paro y su no adhesi\u00f3n le quitar\u00eda algo de fuerza a una huelga que podr\u00edan impulsar los gremios de la CATT en su af\u00e1n de confrontar con el gobierno libertario.<\/p>\n<p>La Mesa Nacional del Transporte fue creada semanas atr\u00e1s y en la reuni\u00f3n fundacional los gremios hab\u00edan sostenido: \u201cEstamos unidos por sobre nuestras centrales de transporte porque as\u00ed lo demanda la situaci\u00f3n pol\u00edtica que atravesamos\u201d.<\/p>\n<p>\u201cNuestro eje es la defensa de la soberan\u00eda del pa\u00eds que est\u00e1 representada en las rutas nacionales, en los ferrocarriles, mares, r\u00edos y cielos, frente al atropello cotidiano que vemos implementa el gobierno de Javier Milei en cada modo\u201d, se hab\u00edan quejado.<\/p>\n","protected":false},"excerpt":{"rendered":"<p>El encuentro de la Mesa Nacional del Transporte fue este martes en el Complejo Deportivo de la Federaci\u00f3n de Peones de Taxis, ubicado en Quintino Bocayuva 1.274 de la ciudad de Buenos Aires y estuvieron presentes representantes de Camioneros, Pilotos, Aeronavegantes, La Fraternidad, la UTA, Dragado y Balizamiento y el SOMU. No hubo representaci\u00f3n de la UTA, que est\u00e1 negociando su paritaria con el Gobierno &nbsp; &nbsp; La Mesa Nacional del Transporte, que agrupa a los sindicatos de la CATT y la UGATT, anunci\u00f3 un paro nacional para el 30&#8230;<\/p>\n","protected":false},"author":3,"featured_media":102292,"comment_status":"closed","ping_status":"closed","sticky":false,"template":"","format":"standard","meta":[],"categories":[18],"tags":[],"_links":{"self":[{"href":"https:\/\/www.actualidadadiario.com\/index.php\/wp-json\/wp\/v2\/posts\/121263"}],"collection":[{"href":"https:\/\/www.actualidadadiario.com\/index.php\/wp-json\/wp\/v2\/posts"}],"about":[{"href":"https:\/\/www.actualidadadiario.com\/index.php\/wp-json\/wp\/v2\/types\/post"}],"author":[{"embeddable":true,"href":"https:\/\/www.actualidadadiario.com\/index.php\/wp-json\/wp\/v2\/users\/3"}],"replies":[{"embeddable":true,"href":"https:\/\/www.actualidadadiario.com\/index.php\/wp-json\/wp\/v2\/comments?post=121263"}],"version-history":[{"count":1,"href":"https:\/\/www.actualidadadiario.com\/index.php\/wp-json\/wp\/v2\/posts\/121263\/revisions"}],"predecessor-version":[{"id":121264,"href":"https:\/\/www.actualidadadiario.com\/index.php\/wp-json\/wp\/v2\/posts\/121263\/revisions\/121264"}],"wp:featuredmedia":[{"embeddable":true,"href":"https:\/\/www.actualidadadiario.com\/index.php\/wp-json\/wp\/v2\/media\/102292"}],"wp:attachment":[{"href":"https:\/\/www.actualidadadiario.com\/index.php\/wp-json\/wp\/v2\/media?parent=121263"}],"wp:term":[{"taxonomy":"category","embeddable":true,"href":"https:\/\/www.actualidadadiario.com\/index.php\/wp-json\/wp\/v2\/categories?post=121263"},{"taxonomy":"post_tag","embeddable":true,"href":"https:\/\/www.actualidadadiario.com\/index.php\/wp-json\/wp\/v2\/tags?post=121263"}],"curies":[{"name":"wp","href":"https:\/\/api.w.org\/{rel}","templated":true}]}}