{"id":121260,"date":"2024-10-08T13:03:20","date_gmt":"2024-10-08T16:03:20","guid":{"rendered":"https:\/\/www.actualidadadiario.com\/?p=121260"},"modified":"2024-10-08T13:03:20","modified_gmt":"2024-10-08T16:03:20","slug":"arranca-formalmente-este-martes-el-debate-del-presupuesto-2025","status":"publish","type":"post","link":"https:\/\/www.actualidadadiario.com\/index.php\/2024\/10\/08\/arranca-formalmente-este-martes-el-debate-del-presupuesto-2025\/","title":{"rendered":"Arranca formalmente este martes el debate del Presupuesto 2025"},"content":{"rendered":"<p style=\"text-align: center;\"><em><strong>Finalmente este martes arrancar\u00e1 en la Comisi\u00f3n de Presupuesto y Hacienda el an\u00e1lisis del proyecto presentado por el Poder Ejecutivo y del que el propio Javier Milei dio cuenta ante el Congreso el 15 de septiembre. Qu\u00e9 funcionarios ir\u00e1n a Diputados<\/strong><\/em><\/p>\n<p>&nbsp;<\/p>\n<p>&nbsp;<\/p>\n<p>Veintitr\u00e9s d\u00edas despu\u00e9s de que el recinto de la C\u00e1mara baja abriera sus puertas para que el presidente de la Naci\u00f3n expusiera sobre el primer presupuesto nacional que manda al Congreso, arrancar\u00e1 este martes el debate propiamente dicho.<\/p>\n<p>Ser\u00e1, como corresponde, en la Comisi\u00f3n de Presupuesto y Hacienda que preside el diputado oficialista Jos\u00e9 Luis Espert, y asistir\u00e1n funcionarios del Palacio de Hacienda. Mas no lo har\u00e1 el ministro de Econom\u00eda, Luis Caputo, cuya presencia se descuenta ser\u00e1 reclamada a viva voz por los diputados de la oposici\u00f3n.<\/p>\n<p>En su lugar, asistir\u00e1n a esta primera reuni\u00f3n programada para este martes 8 de octubre a las 14, el secretario de Hacienda de la Naci\u00f3n, Carlos Guberman; y el secretario de Finanzas, Pablo Quirno. Dos funcionarios que ya han pasado por la C\u00e1mara baja en oportunidad del debate de la Ley de Bases.<\/p>\n<p>El plan trazado entre Casa Rosada y el oficialismo en la C\u00e1mara baja es el de llevar a cabo una reuni\u00f3n semanal durante al menos ocho semanas. Si bien estaba estipulado que comenzase en la jornada del martes 1 ero. de octubre, debi\u00f3 posponerse una semana por la sesi\u00f3n especial celebrada ese mismo d\u00eda. Asimismo, desde La Libertad Avanza buscar\u00e1n tener el dictamen a finales de noviembre.<\/p>\n<p>Tras la presentaci\u00f3n de la \u201cley de leyes\u201d en presencia del presidente de la Naci\u00f3n, Javier Milei, el pasado 15 de septiembre, los titulares de las comisiones de Presupuesto y Hacienda en las dos c\u00e1maras, el diputado Jos\u00e9 Luis Espert y el senador Ezequiel Atauche, se reunieron en varias ocasiones con Guillermo Francos, jefe de Gabinete, y los principales funcionarios del Palacio de Hacienda para definir el plan legislativo.<\/p>\n<p>En el texto presentado por Milei, se estima que la inflaci\u00f3n se desacelere a un 18,3% interanual, el nivel m\u00e1s bajo desde 2009 (14,8%), seg\u00fan la medici\u00f3n del IPC Congreso, mientras que el crecimiento ser\u00e1 del 5% del PBI y propone un valor del d\u00f3lar a $1207.<\/p>\n<p>Del mismo modo, el texto se proyecta \u201clevemente superavitario\u201d en t\u00e9rminos del PBI, con un resultado primario que alcanzar\u00eda 1,3%. En 2024, el Gobierno considera que ser\u00eda positivo en un 1,5% del PBI.<\/p>\n<p>Con relaci\u00f3n al sector p\u00fablico nacional, el Gobierno estima resultado financiero superavitario de $190.655 millones, con recursos totales de $125.936.982 millones (el 16,5% del PBI, una baja de 0,2 puntos del PBI respecto a 2024) y gastos totales de $125.744.647 millones (16,5% del PBI).<\/p>\n<p>A partir de estos n\u00fameros, los gastos totales ser\u00e1n inferiores a los estimados para 2024 (-0,2 puntos del PBI). En cuanto al Producto Bruto Interno, se proyecta una suba del 5% para 2025 y que siga con un crecimiento sostenido del 5% en 2026 y del 5,6% en 2027. La suba estar\u00e1 impulsada por la industria y el comercio, con subas de 6,2% y 6,7%, respectivamente.<\/p>\n<p>En virtud del sector agropecuario, el proyecto de ley indica un avance del 3,5%, tomando la recuperaci\u00f3n de la cosecha del per\u00edodo actual. En suma, los rubros de bienes crecen en promedio 5,6%, por encima de los servicios, que suben 4,4%\u201d, explica el documento. A su vez, el Gobierno espera que las exportaciones por bienes y servicios crezcan 7,7% el a\u00f1o que viene, despu\u00e9s de la ca\u00edda de 7,5% de 2023 y el salto de 23,2% de este a\u00f1o.<\/p>\n","protected":false},"excerpt":{"rendered":"<p>Finalmente este martes arrancar\u00e1 en la Comisi\u00f3n de Presupuesto y Hacienda el an\u00e1lisis del proyecto presentado por el Poder Ejecutivo y del que el propio Javier Milei dio cuenta ante el Congreso el 15 de septiembre. Qu\u00e9 funcionarios ir\u00e1n a Diputados &nbsp; &nbsp; Veintitr\u00e9s d\u00edas despu\u00e9s de que el recinto de la C\u00e1mara baja abriera sus puertas para que el presidente de la Naci\u00f3n expusiera sobre el primer presupuesto nacional que manda al Congreso, arrancar\u00e1 este martes el debate propiamente dicho. Ser\u00e1, como corresponde, en la Comisi\u00f3n de Presupuesto y&#8230;<\/p>\n","protected":false},"author":3,"featured_media":121261,"comment_status":"closed","ping_status":"closed","sticky":false,"template":"","format":"standard","meta":[],"categories":[18],"tags":[],"_links":{"self":[{"href":"https:\/\/www.actualidadadiario.com\/index.php\/wp-json\/wp\/v2\/posts\/121260"}],"collection":[{"href":"https:\/\/www.actualidadadiario.com\/index.php\/wp-json\/wp\/v2\/posts"}],"about":[{"href":"https:\/\/www.actualidadadiario.com\/index.php\/wp-json\/wp\/v2\/types\/post"}],"author":[{"embeddable":true,"href":"https:\/\/www.actualidadadiario.com\/index.php\/wp-json\/wp\/v2\/users\/3"}],"replies":[{"embeddable":true,"href":"https:\/\/www.actualidadadiario.com\/index.php\/wp-json\/wp\/v2\/comments?post=121260"}],"version-history":[{"count":1,"href":"https:\/\/www.actualidadadiario.com\/index.php\/wp-json\/wp\/v2\/posts\/121260\/revisions"}],"predecessor-version":[{"id":121262,"href":"https:\/\/www.actualidadadiario.com\/index.php\/wp-json\/wp\/v2\/posts\/121260\/revisions\/121262"}],"wp:featuredmedia":[{"embeddable":true,"href":"https:\/\/www.actualidadadiario.com\/index.php\/wp-json\/wp\/v2\/media\/121261"}],"wp:attachment":[{"href":"https:\/\/www.actualidadadiario.com\/index.php\/wp-json\/wp\/v2\/media?parent=121260"}],"wp:term":[{"taxonomy":"category","embeddable":true,"href":"https:\/\/www.actualidadadiario.com\/index.php\/wp-json\/wp\/v2\/categories?post=121260"},{"taxonomy":"post_tag","embeddable":true,"href":"https:\/\/www.actualidadadiario.com\/index.php\/wp-json\/wp\/v2\/tags?post=121260"}],"curies":[{"name":"wp","href":"https:\/\/api.w.org\/{rel}","templated":true}]}}