{"id":121257,"date":"2024-10-08T13:02:13","date_gmt":"2024-10-08T16:02:13","guid":{"rendered":"https:\/\/www.actualidadadiario.com\/?p=121257"},"modified":"2024-10-08T13:02:13","modified_gmt":"2024-10-08T16:02:13","slug":"el-gobierno-cerro-tres-fondos-fiduciarios-asociados-a-la-proteccion-de-bosques-nativos-el-programa-progresar-y-emergencias","status":"publish","type":"post","link":"https:\/\/www.actualidadadiario.com\/index.php\/2024\/10\/08\/el-gobierno-cerro-tres-fondos-fiduciarios-asociados-a-la-proteccion-de-bosques-nativos-el-programa-progresar-y-emergencias\/","title":{"rendered":"El Gobierno cerr\u00f3 tres fondos fiduciarios asociados a la protecci\u00f3n de bosques nativos, el Programa Progresar y Emergencias"},"content":{"rendered":"<p style=\"text-align: center;\"><em><strong>Los fondos fiduciarios que se cierran con el Decreto 888\/24, \u201co no se hab\u00edan puesto en marcha o hab\u00edan mostrado graves irregularidades en su funcionamiento\u201d, remarc\u00f3 el ministro Federico Sturzenegger. \u201cSon una suerte de &#8216;caja&#8217;, con recursos pre-asignados a un fin espec\u00edfico con mayor agilidad de contrataciones. Parecen objetivos loables, \u00bfno?, sobre todo para la atenci\u00f3n a emergencias; pero ambos conceptos encierran el germen de una mala administraci\u00f3n\u201d, justific\u00f3 el funcionario<\/strong><\/em><\/p>\n<p>&nbsp;<\/p>\n<p>&nbsp;<\/p>\n<p>El Ministerio de Econom\u00eda determin\u00f3 el cierre de tres fondos fiduciarios que, seg\u00fan indicaron desde el Gobierno, evidenciaron ineficiencias en su implementaci\u00f3n. Se trata del Fondo Nacional de Emergencias, el Fondo Fiduciario Progresar y el Fondo de Protecci\u00f3n Ambiental de los Bosques Nativos.<\/p>\n<p>El Fondo Nacional de Emergencias ten\u00eda el objetivo de financiar acciones de respuesta ante determinadas emergencias que afectaran al pa\u00eds. Sin embargo, este fondo nunca lleg\u00f3 a ponerse operativo ni cont\u00f3 con presupuesto asignado. As\u00ed, qued\u00f3 reducido a una enunciaci\u00f3n carente de implementaci\u00f3n pr\u00e1ctica.<\/p>\n<p>Por su parte, el Fondo Fiduciario Progresar fue creado para financiar acciones del \u201cPrograma de respaldo a estudiantes argentinos\u201d, en el \u00e1mbito del Ministerio de Educaci\u00f3n. Pero, al igual que el Fondo Nacional de Emergencias, nunca lleg\u00f3 a implementarse.<\/p>\n<p>Finalmente, el Fondo Fiduciario para la Protecci\u00f3n Ambiental de los Bosques Nativos fue creado para financiar medidas de protecci\u00f3n de los bosques. Sin embargo, la auditor\u00eda realizada por la Sindicatura General de la Naci\u00f3n (SIGEN) puso en evidencia debilidades en los registros, mostrando un d\u00e9ficit de capacidad institucional y log\u00edstica de las jurisdicciones, as\u00ed como tambi\u00e9n la inexistencia de indicadores claros sobre la gesti\u00f3n realizada.<\/p>\n<p>Desde el Gobierno explicaron que, dadas las disposiciones contenidas en la Ley de Bases y los objetivos perseguidos por el Gobierno Nacional, el cierre de estos fondos conlleva principios de ordenamiento en la gesti\u00f3n gubernamental y el resguardo de una mejor administraci\u00f3n de los recursos p\u00fablicos.<\/p>\n<p>&nbsp;<\/p>\n<p><strong>Qu\u00e9 dijo Sturzenegger<\/strong><\/p>\n<p>Este martes, el ministro de Desregulaci\u00f3n y Transformaci\u00f3n del Estado dio detalles en redes sociales: \u201cHoy por Decreto 888\/24, en base a las atribuciones otorgadas por el Art. 5o por la Ley Bases 27.742, el presidente Javier Milei y el ministro Luis Caputo avanzaron en el proceso de ordenamiento de la administraci\u00f3n p\u00fablica mediante el cierre de tres fondos fiduciarios\u201d.<\/p>\n<p>Para el funcionario, \u201clos fondos fiduciarios son una suerte de &#8216;caja&#8217;, con recursos pre-asignados a un fin espec\u00edfico y cuentan, a su vez, con mayor agilidad de contrataciones. Parecen objetivos loables, \u00bfno?, sobre todo para la atenci\u00f3n a emergencias; pero ambos conceptos encierran el germen de una mala administraci\u00f3n\u201d.<\/p>\n<p>Y explica: \u201cLa asignaci\u00f3n de los recursos para gastos espec\u00edficos garantiza un mal uso de los mismos, porque no permite ponderar en cada momento el beneficio de un gasto frente al beneficio que lograr\u00eda en otro uso. (Imaginemos un terremoto y no poder transferir las partidas de turismo, por ejemplo, a la ayuda a los damnificados)\u201d.<\/p>\n<p>Sturzenegger sostiene que la \u201cagilidad del gasto\u201d es \u201cun arma de doble filo; puede servir para ser eficientes, pero tambi\u00e9n para la corrupci\u00f3n. Recuerdo, al comienzo de la gesti\u00f3n, al ministro Guillermo Francos lamentarse porque los fondos del fondo fiduciario que necesitaba para combatir unos incendios en Chubut hab\u00edan sido dilapidados por la administraci\u00f3n de Fern\u00e1ndez-Massa para sostener a T\u00e9lam. Otros fondos que supuestamente estaban asignados a la inversi\u00f3n en infraestructura hab\u00edan desaparecido financiando cr\u00e9ditos blandos para tratar de estimular la campa\u00f1a electoral de Sergio Massa. Los fondos fiduciarios que se cierran con el Decreto 888\/24, o no se hab\u00edan puesto en marcha o hab\u00edan mostrado graves irregularidades en su funcionamiento\u201d, remarc\u00f3.<\/p>\n<p>Asimismo, el ministro asegura que los objetivos que motivaron la creaci\u00f3n de estos fondos \u201cse seguir\u00e1n impulsando en la medida que el Congreso de la Naci\u00f3n as\u00ed lo determine en el presupuesto nacional, que es la \u00fanica fuente de validaci\u00f3n de gastos en una sana administraci\u00f3n p\u00fablica\u201d.<\/p>\n<p>Adem\u00e1s, apunta que el decreto publicado este martes en el Bolet\u00edn Oficial \u201cnos acerca a una gesti\u00f3n m\u00e1s racional y transparente de los recursos de los contribuyentes, paso fundamental para una macro m\u00e1s ordenada y una sociedad con menos corrupci\u00f3n\u201d.<\/p>\n","protected":false},"excerpt":{"rendered":"<p>Los fondos fiduciarios que se cierran con el Decreto 888\/24, \u201co no se hab\u00edan puesto en marcha o hab\u00edan mostrado graves irregularidades en su funcionamiento\u201d, remarc\u00f3 el ministro Federico Sturzenegger. \u201cSon una suerte de &#8216;caja&#8217;, con recursos pre-asignados a un fin espec\u00edfico con mayor agilidad de contrataciones. Parecen objetivos loables, \u00bfno?, sobre todo para la atenci\u00f3n a emergencias; pero ambos conceptos encierran el germen de una mala administraci\u00f3n\u201d, justific\u00f3 el funcionario &nbsp; &nbsp; El Ministerio de Econom\u00eda determin\u00f3 el cierre de tres fondos fiduciarios que, seg\u00fan indicaron desde el Gobierno,&#8230;<\/p>\n","protected":false},"author":3,"featured_media":121258,"comment_status":"closed","ping_status":"closed","sticky":false,"template":"","format":"standard","meta":[],"categories":[18],"tags":[],"_links":{"self":[{"href":"https:\/\/www.actualidadadiario.com\/index.php\/wp-json\/wp\/v2\/posts\/121257"}],"collection":[{"href":"https:\/\/www.actualidadadiario.com\/index.php\/wp-json\/wp\/v2\/posts"}],"about":[{"href":"https:\/\/www.actualidadadiario.com\/index.php\/wp-json\/wp\/v2\/types\/post"}],"author":[{"embeddable":true,"href":"https:\/\/www.actualidadadiario.com\/index.php\/wp-json\/wp\/v2\/users\/3"}],"replies":[{"embeddable":true,"href":"https:\/\/www.actualidadadiario.com\/index.php\/wp-json\/wp\/v2\/comments?post=121257"}],"version-history":[{"count":1,"href":"https:\/\/www.actualidadadiario.com\/index.php\/wp-json\/wp\/v2\/posts\/121257\/revisions"}],"predecessor-version":[{"id":121259,"href":"https:\/\/www.actualidadadiario.com\/index.php\/wp-json\/wp\/v2\/posts\/121257\/revisions\/121259"}],"wp:featuredmedia":[{"embeddable":true,"href":"https:\/\/www.actualidadadiario.com\/index.php\/wp-json\/wp\/v2\/media\/121258"}],"wp:attachment":[{"href":"https:\/\/www.actualidadadiario.com\/index.php\/wp-json\/wp\/v2\/media?parent=121257"}],"wp:term":[{"taxonomy":"category","embeddable":true,"href":"https:\/\/www.actualidadadiario.com\/index.php\/wp-json\/wp\/v2\/categories?post=121257"},{"taxonomy":"post_tag","embeddable":true,"href":"https:\/\/www.actualidadadiario.com\/index.php\/wp-json\/wp\/v2\/tags?post=121257"}],"curies":[{"name":"wp","href":"https:\/\/api.w.org\/{rel}","templated":true}]}}