{"id":121254,"date":"2024-10-08T13:01:06","date_gmt":"2024-10-08T16:01:06","guid":{"rendered":"https:\/\/www.actualidadadiario.com\/?p=121254"},"modified":"2024-10-08T13:01:06","modified_gmt":"2024-10-08T16:01:06","slug":"trabajadores-del-hospital-garrahan-comenzaron-un-paro-total-por-48-horas","status":"publish","type":"post","link":"https:\/\/www.actualidadadiario.com\/index.php\/2024\/10\/08\/trabajadores-del-hospital-garrahan-comenzaron-un-paro-total-por-48-horas\/","title":{"rendered":"Trabajadores del Hospital Garrahan comenzaron un paro total por 48 horas"},"content":{"rendered":"<p style=\"text-align: center;\"><em><strong>La huelga comenz\u00f3 este martes 8 de octubre y se extender\u00e1 hasta el mi\u00e9rcoles 9 en reclamo de una recomposici\u00f3n salarial del personal del hospital pedi\u00e1trico. Habr\u00e1 una movilizaci\u00f3n al Ministerio de Econom\u00eda<\/strong><\/em><\/p>\n<p>&nbsp;<\/p>\n<p>&nbsp;<\/p>\n<p>La junta Interna de la Asociaci\u00f3n de Trabajadores del Estado (ATE) del Hospital Garrahan comunic\u00f3 la decisi\u00f3n de llevar adelante un paro de 48 horas para los d\u00edas 8 y 9 de octubre en reclamo de una recomposici\u00f3n salarial del personal de esa instituci\u00f3n.<\/p>\n<p>&#8220;Necesitamos 100% de aumento salarial, que es lo que se perdi\u00f3 desde agosto hasta ahora&#8221;, indic\u00f3 la secretaria general de la Asociaci\u00f3n de Profesionales y T\u00e9cnicos (APyT), Norma Lezana.<\/p>\n<p>Se realizar\u00e1 una movilizaci\u00f3n al Ministerio de Econom\u00eda este martes para &#8220;llevarle el reclamo&#8221; al titular de esa cartera, Luis Caputo.<\/p>\n<p>La representante de los profesionales del Garrahan confirm\u00f3 adem\u00e1s que el personal del hospital cobr\u00f3 el bono de 500 mil pesos, cuya autorizaci\u00f3n hab\u00eda sido la causa principal por la que el ministro de Salud, Mario Lugones, decidi\u00f3 pedir la renuncia de los miembros del Consejo de Administraci\u00f3n del nosocomio.<\/p>\n<p>Seg\u00fan precisaron fuentes del Ministerio de Salud, el Consejo del Garrahan hab\u00eda definido esta medida &#8220;sin consultar y sin evaluaci\u00f3n previa&#8221;, y sin la autorizaci\u00f3n del nuevo ministro.<\/p>\n<p>&#8220;El bono se cobr\u00f3, lo cual es una conquista. Es por \u00fanica vez y de manera extraordinaria, pero da un alivio por este mes al equipo de salud&#8221;, se\u00f1al\u00f3 Lezana, quien detall\u00f3 que el pago se llev\u00f3 a cabo con &#8220;recursos propios del hospital&#8221;.<\/p>\n<p>Con relaci\u00f3n a la designaci\u00f3n por parte de la cartera de Salud de Soraya Anis El Kik como presidenta del Consejo de Administraci\u00f3n del hospital, y Roberto Agust\u00edn Dalmazzo y Jorge Menehem como consejeros, la dirigente gremial sostuvo que el reemplazo se hizo con &#8220;personas que son de la gesti\u00f3n de este Gobierno&#8221;.<\/p>\n<p>&#8220;Esto es m\u00e1s una se\u00f1al hac\u00eda los trabajadores para desalentar la lucha que estamos dando. La lucha del Garrahan refleja la de muchos otros que est\u00e1n con el salario muy reducido&#8221;, se\u00f1al\u00f3.<\/p>\n<p>Seg\u00fan detallaron fuentes gremiales, el personal del hospital est\u00e1 pidiendo que &#8220;el salario m\u00e1s bajo arranque en la canasta familiar de 1.500.000 pesos&#8221;.<\/p>\n","protected":false},"excerpt":{"rendered":"<p>La huelga comenz\u00f3 este martes 8 de octubre y se extender\u00e1 hasta el mi\u00e9rcoles 9 en reclamo de una recomposici\u00f3n salarial del personal del hospital pedi\u00e1trico. Habr\u00e1 una movilizaci\u00f3n al Ministerio de Econom\u00eda &nbsp; &nbsp; La junta Interna de la Asociaci\u00f3n de Trabajadores del Estado (ATE) del Hospital Garrahan comunic\u00f3 la decisi\u00f3n de llevar adelante un paro de 48 horas para los d\u00edas 8 y 9 de octubre en reclamo de una recomposici\u00f3n salarial del personal de esa instituci\u00f3n. &#8220;Necesitamos 100% de aumento salarial, que es lo que se perdi\u00f3&#8230;<\/p>\n","protected":false},"author":3,"featured_media":121255,"comment_status":"closed","ping_status":"closed","sticky":false,"template":"","format":"standard","meta":[],"categories":[18],"tags":[],"_links":{"self":[{"href":"https:\/\/www.actualidadadiario.com\/index.php\/wp-json\/wp\/v2\/posts\/121254"}],"collection":[{"href":"https:\/\/www.actualidadadiario.com\/index.php\/wp-json\/wp\/v2\/posts"}],"about":[{"href":"https:\/\/www.actualidadadiario.com\/index.php\/wp-json\/wp\/v2\/types\/post"}],"author":[{"embeddable":true,"href":"https:\/\/www.actualidadadiario.com\/index.php\/wp-json\/wp\/v2\/users\/3"}],"replies":[{"embeddable":true,"href":"https:\/\/www.actualidadadiario.com\/index.php\/wp-json\/wp\/v2\/comments?post=121254"}],"version-history":[{"count":1,"href":"https:\/\/www.actualidadadiario.com\/index.php\/wp-json\/wp\/v2\/posts\/121254\/revisions"}],"predecessor-version":[{"id":121256,"href":"https:\/\/www.actualidadadiario.com\/index.php\/wp-json\/wp\/v2\/posts\/121254\/revisions\/121256"}],"wp:featuredmedia":[{"embeddable":true,"href":"https:\/\/www.actualidadadiario.com\/index.php\/wp-json\/wp\/v2\/media\/121255"}],"wp:attachment":[{"href":"https:\/\/www.actualidadadiario.com\/index.php\/wp-json\/wp\/v2\/media?parent=121254"}],"wp:term":[{"taxonomy":"category","embeddable":true,"href":"https:\/\/www.actualidadadiario.com\/index.php\/wp-json\/wp\/v2\/categories?post=121254"},{"taxonomy":"post_tag","embeddable":true,"href":"https:\/\/www.actualidadadiario.com\/index.php\/wp-json\/wp\/v2\/tags?post=121254"}],"curies":[{"name":"wp","href":"https:\/\/api.w.org\/{rel}","templated":true}]}}