{"id":121251,"date":"2024-10-08T12:59:43","date_gmt":"2024-10-08T15:59:43","guid":{"rendered":"https:\/\/www.actualidadadiario.com\/?p=121251"},"modified":"2024-10-08T12:59:43","modified_gmt":"2024-10-08T15:59:43","slug":"financiamiento-universitario-estudiantes-toman-facultades-de-la-uba-en-contra-del-veto-de-javier-milei","status":"publish","type":"post","link":"https:\/\/www.actualidadadiario.com\/index.php\/2024\/10\/08\/financiamiento-universitario-estudiantes-toman-facultades-de-la-uba-en-contra-del-veto-de-javier-milei\/","title":{"rendered":"Financiamiento universitario: estudiantes toman facultades de la UBA en contra del veto de Javier Milei"},"content":{"rendered":"<p style=\"text-align: center;\"><em><strong>La medida de fuerza fue tomada en respuesta al veto de Javier Milei. Habr\u00e1 clases p\u00fablicas abiertas y las autoridades afirmaron que mantendr\u00e1n el cuidado de las instalaciones<\/strong><\/em><\/p>\n<p>&nbsp;<\/p>\n<p>&nbsp;<\/p>\n<p>Los estudiantes de la facultad de Filosof\u00eda y Letras y de la Facultad de Psicolog\u00eda de la Universidad de Buenos Aires se reunieron en asambleas el lunes por la noche y, tras debatir entre los presentes, resolvieron tomar las sedes universitarias en reclamo contra el veto del presidente Javier Milei. La medida de fuerza se da a tan solo un d\u00eda que el Decreto tenga baje al recinto de la C\u00e1mara de Diputados para ser discutido.<\/p>\n<p>Las tomas en apoyo a la legislaci\u00f3n vetada por el Presidente son el paso previo a la movilizaci\u00f3n que har\u00e1n los estudiantes universitarios a Congreso, como un mensaje a los Diputados que se encontrar\u00e1n debatiendo el veto. La Facultad de Veterinaria tambi\u00e9n ser\u00e1 ocupada, mientras que las de Ciencias Sociales y Ciencias Exactas y Naturales resolver\u00e1n avanzar con vigilias a partir de este martes a la noche.<\/p>\n<p>Financiamiento universitario: las medidas de los estudiantes ante el veto de Javier Milei<\/p>\n<p>Tras la multitudinaria Marcha Federal Universitaria, tres centros de estudiantes de la UBA resolvieron ocupar sus respectivas sedes educativas en reclamo al veto del Gobierno a la ley de financiamiento universitario. La norma dispon\u00eda el incremento de los recursos, adem\u00e1s de un aumento salarial ajustado por inflaci\u00f3n para docentes y no docentes.<\/p>\n<p>Inicialmente, fueron Filosof\u00eda y Letras, Veterinaria y Psicolog\u00eda las que decidieron avanzar con la medida de fuerza. Por su parte, otras facultades como Ciencias Sociales y Ciencias Exactas y Naturales, tambi\u00e9n de la UBA, resolver\u00e1n llevar a cabo vigilias desde este martes a la noche.<\/p>\n<p>Cada una de las distintas sedes llevar\u00e1 a cabo el reclamo con sus particularidades. Desde la facultad ubicada en la calle Puan, anunciaron la toma y aseguraron que estar\u00e1n \u201catentas al cuidado del patrimonio\u201d de la casa de estudios y \u201cal resguardo de les docentes, no docentes y estudiantes\u201d. Adem\u00e1s, tambi\u00e9n se confirm\u00f3 que se dar\u00e1n clases p\u00fablicas abiertas en la calle durante todo el d\u00eda.<\/p>\n<p>Por su parte, en Psicolog\u00eda llevar\u00e1n a cabo una &#8220;toma simb\u00f3lica&#8221;, asegurando el &#8220;pleno funcionamiento del establecimiento&#8221;. En el caso de Veterinaria, el centro de estudiantes convoc\u00f3 a las 12 a un &#8220;ruidazo&#8221; desde el Pabell\u00f3n Central de la Facultad de Agronom\u00eda. Adem\u00e1s, a las 14 comenzar\u00e1 la toma y se llevar\u00e1 a cabo una choripaneada a beneficio del Hospital Laura Bonaparte, recientemente cerrado por el Gobierno.<\/p>\n<p>Tras las jornadas de lucha, los estudiantes marchar\u00e1n a Congreso el pr\u00f3ximo mi\u00e9rcoles 9 de octubre, mientras dentro de la C\u00e1mara baja los Diputados debaten el veto del Presidente.<\/p>\n<p>En el resto del pa\u00eds, el mismo debate, sobre si avanzar en tomas, vigilias u otras formas de protesta, se est\u00e1 desarrollando en distintas unidades acad\u00e9micas de la Universidad Nacional de La Plata (UNLP), la Universidad Nacional de San Mart\u00edn (UNSAM), la Universidad Nacional de Rosario (UNR) y la Universidad de Comahue.<\/p>\n<p>&nbsp;<\/p>\n<p><strong>El Gobierno apelar\u00e1 a la Justicia si no se sostiene el veto<\/strong><\/p>\n<p>El ministro de Econom\u00eda, Luis Caputo, respald\u00f3 la decisi\u00f3n de Javier Milei y, el pasado domingo, asegur\u00f3 que en caso de que el Congreso insista sobre la norma, el Gobierno apelar\u00e1 a la Justicia. &#8220;yo tengo que hacer lo que dice la ley pero ser\u00eda bueno que los diputados y senadores tambi\u00e9n lo hagan. La ley de administraci\u00f3n financiera dice que el Congreso no puede presentar un gasto sin una contrapartida de financiamiento que lo justifique&#8221;, justific\u00f3 el ministro.<\/p>\n<p>En este sentido, Caputo adelant\u00f3 que desde el Gobierno van a &#8220;apelar a eso, probablemente por la v\u00eda de la Justicia, siempre dentro del marco de la ley&#8221;.<\/p>\n<p>Sobre el conflicto actual entre universidades p\u00fablicas y Gobierno, el exministro de Macri setenci\u00f3: &#8220;a las universidades les hemos dado todo. Ac\u00e1 se mezcla la pol\u00edtica. Lo \u00fanico que nosotros decimos es: si se quiere discutir si los docentes deber\u00edan cobrar m\u00e1s que el resto de los empleados p\u00fablicos, perfecto. Debat\u00e1moslo en el Congreso y definamos c\u00f3mo se financia eso, ning\u00fan problema.<\/p>\n<p>&#8220;Hay una clara pelea entre la vieja pol\u00edtica y la nueva. Nosotros buscamos transparencia y la vieja pol\u00edtica es la due\u00f1a del ostracismo&#8221;, agreg\u00f3.<\/p>\n<p>Por \u00faltimo, Caputo inst\u00f3 a auditar las instituciones y apunt\u00f3 contra la Universidad de Madres de Plaza de Mayo. Seg\u00fan sostuvo el Ministro, &#8220;se recibieron el 0,62% de los alumnos, 16. Se gast\u00f3 100 millones por egresado. Casi sal\u00eda m\u00e1s barato mandarlos a Harvard&#8221;, consider\u00f3.<\/p>\n","protected":false},"excerpt":{"rendered":"<p>La medida de fuerza fue tomada en respuesta al veto de Javier Milei. Habr\u00e1 clases p\u00fablicas abiertas y las autoridades afirmaron que mantendr\u00e1n el cuidado de las instalaciones &nbsp; &nbsp; Los estudiantes de la facultad de Filosof\u00eda y Letras y de la Facultad de Psicolog\u00eda de la Universidad de Buenos Aires se reunieron en asambleas el lunes por la noche y, tras debatir entre los presentes, resolvieron tomar las sedes universitarias en reclamo contra el veto del presidente Javier Milei. La medida de fuerza se da a tan solo un&#8230;<\/p>\n","protected":false},"author":3,"featured_media":121252,"comment_status":"closed","ping_status":"closed","sticky":false,"template":"","format":"standard","meta":[],"categories":[18],"tags":[],"_links":{"self":[{"href":"https:\/\/www.actualidadadiario.com\/index.php\/wp-json\/wp\/v2\/posts\/121251"}],"collection":[{"href":"https:\/\/www.actualidadadiario.com\/index.php\/wp-json\/wp\/v2\/posts"}],"about":[{"href":"https:\/\/www.actualidadadiario.com\/index.php\/wp-json\/wp\/v2\/types\/post"}],"author":[{"embeddable":true,"href":"https:\/\/www.actualidadadiario.com\/index.php\/wp-json\/wp\/v2\/users\/3"}],"replies":[{"embeddable":true,"href":"https:\/\/www.actualidadadiario.com\/index.php\/wp-json\/wp\/v2\/comments?post=121251"}],"version-history":[{"count":1,"href":"https:\/\/www.actualidadadiario.com\/index.php\/wp-json\/wp\/v2\/posts\/121251\/revisions"}],"predecessor-version":[{"id":121253,"href":"https:\/\/www.actualidadadiario.com\/index.php\/wp-json\/wp\/v2\/posts\/121251\/revisions\/121253"}],"wp:featuredmedia":[{"embeddable":true,"href":"https:\/\/www.actualidadadiario.com\/index.php\/wp-json\/wp\/v2\/media\/121252"}],"wp:attachment":[{"href":"https:\/\/www.actualidadadiario.com\/index.php\/wp-json\/wp\/v2\/media?parent=121251"}],"wp:term":[{"taxonomy":"category","embeddable":true,"href":"https:\/\/www.actualidadadiario.com\/index.php\/wp-json\/wp\/v2\/categories?post=121251"},{"taxonomy":"post_tag","embeddable":true,"href":"https:\/\/www.actualidadadiario.com\/index.php\/wp-json\/wp\/v2\/tags?post=121251"}],"curies":[{"name":"wp","href":"https:\/\/api.w.org\/{rel}","templated":true}]}}