{"id":121248,"date":"2024-10-08T12:57:56","date_gmt":"2024-10-08T15:57:56","guid":{"rendered":"https:\/\/www.actualidadadiario.com\/?p=121248"},"modified":"2024-10-08T12:57:56","modified_gmt":"2024-10-08T15:57:56","slug":"con-cristina-y-quintela-de-candidatos-el-pj-podria-definir-su-conduccion-con-votacion-de-afiliados-por-primera-vez-en-decadas","status":"publish","type":"post","link":"https:\/\/www.actualidadadiario.com\/index.php\/2024\/10\/08\/con-cristina-y-quintela-de-candidatos-el-pj-podria-definir-su-conduccion-con-votacion-de-afiliados-por-primera-vez-en-decadas\/","title":{"rendered":"Con Cristina y Quintela de candidatos, el PJ podr\u00eda definir su conducci\u00f3n con votaci\u00f3n de afiliados por primera vez en d\u00e9cadas"},"content":{"rendered":"<p style=\"text-align: center;\"><em><strong>La presidencia del partido de Per\u00f3n est\u00e1 vacante tras la renuncia de Alberto Fern\u00e1ndez. La expresidenta se autopostul\u00f3 este lunes para ocupar el cargo, enfrentando al gobernador de La Rioja, que ya hab\u00eda anticipado el mismo deseo. En el trasfondo pol\u00edtico aparece otro gobernador en movimiento: Axel Kicillof<\/strong><\/em><\/p>\n<p>&nbsp;<\/p>\n<p>&nbsp;<\/p>\n<p>La presidencia del Partido Justicialista (PJ) est\u00e1 vacante desde que Alberto Fern\u00e1ndez qued\u00f3 sumido en el ostracismo pol\u00edtico como consecuencia de la denuncia por violencia de g\u00e9nero que present\u00f3 su expareja Fabiola Y\u00e1\u00f1ez. La mujer fuerte del espacio, que sigue siendo Cristina Fern\u00e1ndez de Kirchner, se autopostul\u00f3 este lunes para cubrir esa acefal\u00eda. Pero el cargo ya ten\u00eda otro candidato, un gobernador, el riojano Ricardo Quintela, quien frente al anuncio de la dos veces exmandataria (2007-2015) y una vez vicepresidenta (2019-2023), lejos de bajarse de sus aspiraciones confirm\u00f3 que pelear\u00e1 por el control del partido fundado por Juan Domingo Per\u00f3n, lo que hace prever, al menos en estas horas, un escenario real de comicios.<\/p>\n<p>Una elecci\u00f3n interna en el PJ es algo in\u00e9dito en democracia. En Matheu 130, hist\u00f3ricamente, a las autoridades las decide el dedo de las elites partidarias del momento: el menemismo, el duahldismo, el kirchnerismo. Pero en este peronismo desprestigiado ante la sociedad despu\u00e9s del fracaso del gobierno del fantasmal Frente de Todos (ahora, Uni\u00f3n por la Patria), fuera del poder y con un liderazgo pol\u00edtico en disputa, una definici\u00f3n real, a trav\u00e9s del voto de los afiliados, se vuelve veros\u00edmil.<\/p>\n<p>Tras un orquestado operativo clamor, que consisti\u00f3 en que figuras del kirchnerismo como Wado de Pedro y Juliana Di Tullio salieran en simult\u00e1neo a promoverla en Twitter (X), Cristina oficializ\u00f3 este lunes su candidatura a trav\u00e9s de una carta abierta en la que reflexion\u00f3 sobre la crisis actual del pa\u00eds y critic\u00f3 con dureza la gesti\u00f3n de Javier Milei, llamando a reorganizar el peronismo para enfrentar los desaf\u00edos econ\u00f3micos y sociales. En su mensaje, destac\u00f3 la necesidad de un liderazgo claro y un proyecto com\u00fan que devuelva la esperanza a la Argentina.<\/p>\n<p>Por su parte, Quintela, quien ya se hab\u00eda postulado a la presidencia del PJ varias semanas antes, reafirm\u00f3 que no se retirar\u00e1 de la competencia. El mandatario provincial sostuvo que \u201cel peronismo tiene que competir\u201d y asegur\u00f3 que no le tiene miedo a una interna, enfatizando que \u201cel que pierde tiene que acompa\u00f1ar\u201d.<\/p>\n<p>La gran inc\u00f3gnita es qu\u00e9 har\u00e1 el gobernador de la provincia m\u00e1s grande del pa\u00eds, Buenos Aires, Axel Kicillof, quien fue ministro de Econom\u00eda de Cristina Fern\u00e1ndez de Kirchner \u2014un funcionario de los mimados de su gabinete\u2014 y representa a una parte del kirchnerismo duro pero ahora est\u00e1 enfrentado abiertamente con La C\u00e1mpora, espacio que lidera nada menos que el hijo de la exmandataria, el diputado nacional M\u00e1ximo Kirchner.<\/p>\n<p>En el entorno del gobernador bonaerense afirman que Kicillof por ahora no va a expresar su apoyo p\u00fablico a Cristina, por quien tendr\u00eda predilecci\u00f3n para el cargo en disputa abierta con Quintela, aunque tambi\u00e9n es integrante de la menguada liga de gobernadores peronistas, que en su momento supo ser una veintena y ahora se cuentan con los dedos de una mano.<\/p>\n<p>Entre ellos, figuran el propio Kicillof y Quintela, el formose\u00f1o Gildo Insfr\u00e1n y el pampeano Sergio Ziliotto. Tambi\u00e9n son peronistas el tucumano Osvaldo Jaldo y el catamarque\u00f1o Ra\u00fal Jalil, pero hoy est\u00e1n m\u00e1s cerca de la Casa Rosada que de la vida partidaria. Lo mismo pasa, entre otros, con el cordob\u00e9s Mart\u00edn Llaryora, tambi\u00e9n del peronismo pero del peronismo cordob\u00e9s, que es desde hace un par de d\u00e9cadas un reino independiente.<\/p>\n<p>En cambio, m\u00e1s cerca de Cristina pero tambi\u00e9n de la liga de gobernadores peronistas est\u00e1n el santiague\u00f1o Gerardo Zamora, del Frente C\u00edvico por Santiago, y del fueguino Gustavo Melella, del Partido de la Concertaci\u00f3n FORJA, pero ambos de extracci\u00f3n radical. Y en el tablero aparece tambi\u00e9n otra figura que, sin ser gobernador y siendo l\u00edder de su propio partido, el Frente Renovador, podr\u00eda tener peso si decide intervenir en la interna del PJ, su antiguo partido: Sergio Massa, exministro de Econom\u00eda del Frente de Todos y excandidato presidencial de Uni\u00f3n por la Patria. Nada menos que el \u00faltimo candidato presidencial del peronismo.<\/p>\n<p>En la interna tambi\u00e9n incidir\u00e1n los peronismos de aquellas provincias donde el PJ no es gobierno. Se avecinan d\u00edas de definiciones y probables pronunciamientos pero, sobre todo, de mucha rosca y orejeo, como en el Truco.<\/p>\n<p>\u201cEl Gitano\u201d, como lo apodan a Quintela, viene trabajando para ser el l\u00edder formal del PJ, recorriendo distintas provincias y reuniendo apoyos. Pero su avance parece haber sido bloqueado por los seguidores de Cristina no tanto porque en el kirchnerismo lo est\u00e9n viendo al riojano como una amenaza en s\u00ed sino por un factor espec\u00edfico: que su candidatura viene siendo apoyada por Kicillof.<\/p>\n<p>Por lo tanto, la postulaci\u00f3n de Cristina es vista m\u00e1s como una batalla interna del mismo kirchnerismo que como la disputa de la exmandataria contra lo que vendr\u00eda a ser \u201cel peronismo de los gobernadores\u201d. El kirchnerismo, desde 2005 en adelante, es el espacio que domina el peronismo y, en consecuencia, el partido. Pero hoy todo eso no s\u00f3lo no parece estar tan claro sino que podr\u00eda estar en riesgo. Por eso es que se le atribuye a CFK el hecho de salir a jugar, ella misma, ya sin delegados, a una cancha en la que no est\u00e1 acostumbrada a jugar: la de la interna.<\/p>\n","protected":false},"excerpt":{"rendered":"<p>La presidencia del partido de Per\u00f3n est\u00e1 vacante tras la renuncia de Alberto Fern\u00e1ndez. La expresidenta se autopostul\u00f3 este lunes para ocupar el cargo, enfrentando al gobernador de La Rioja, que ya hab\u00eda anticipado el mismo deseo. En el trasfondo pol\u00edtico aparece otro gobernador en movimiento: Axel Kicillof &nbsp; &nbsp; La presidencia del Partido Justicialista (PJ) est\u00e1 vacante desde que Alberto Fern\u00e1ndez qued\u00f3 sumido en el ostracismo pol\u00edtico como consecuencia de la denuncia por violencia de g\u00e9nero que present\u00f3 su expareja Fabiola Y\u00e1\u00f1ez. La mujer fuerte del espacio, que sigue&#8230;<\/p>\n","protected":false},"author":3,"featured_media":121249,"comment_status":"closed","ping_status":"closed","sticky":false,"template":"","format":"standard","meta":[],"categories":[18],"tags":[],"_links":{"self":[{"href":"https:\/\/www.actualidadadiario.com\/index.php\/wp-json\/wp\/v2\/posts\/121248"}],"collection":[{"href":"https:\/\/www.actualidadadiario.com\/index.php\/wp-json\/wp\/v2\/posts"}],"about":[{"href":"https:\/\/www.actualidadadiario.com\/index.php\/wp-json\/wp\/v2\/types\/post"}],"author":[{"embeddable":true,"href":"https:\/\/www.actualidadadiario.com\/index.php\/wp-json\/wp\/v2\/users\/3"}],"replies":[{"embeddable":true,"href":"https:\/\/www.actualidadadiario.com\/index.php\/wp-json\/wp\/v2\/comments?post=121248"}],"version-history":[{"count":1,"href":"https:\/\/www.actualidadadiario.com\/index.php\/wp-json\/wp\/v2\/posts\/121248\/revisions"}],"predecessor-version":[{"id":121250,"href":"https:\/\/www.actualidadadiario.com\/index.php\/wp-json\/wp\/v2\/posts\/121248\/revisions\/121250"}],"wp:featuredmedia":[{"embeddable":true,"href":"https:\/\/www.actualidadadiario.com\/index.php\/wp-json\/wp\/v2\/media\/121249"}],"wp:attachment":[{"href":"https:\/\/www.actualidadadiario.com\/index.php\/wp-json\/wp\/v2\/media?parent=121248"}],"wp:term":[{"taxonomy":"category","embeddable":true,"href":"https:\/\/www.actualidadadiario.com\/index.php\/wp-json\/wp\/v2\/categories?post=121248"},{"taxonomy":"post_tag","embeddable":true,"href":"https:\/\/www.actualidadadiario.com\/index.php\/wp-json\/wp\/v2\/tags?post=121248"}],"curies":[{"name":"wp","href":"https:\/\/api.w.org\/{rel}","templated":true}]}}