{"id":121244,"date":"2024-10-08T12:55:12","date_gmt":"2024-10-08T15:55:12","guid":{"rendered":"https:\/\/www.actualidadadiario.com\/?p=121244"},"modified":"2024-10-08T12:55:12","modified_gmt":"2024-10-08T15:55:12","slug":"el-ajuste-de-milei-no-convence-al-60-de-los-encuestados-que-apoya-el-fondo-universitario-y-rechaza-la-privatizacion-de-aerolineas","status":"publish","type":"post","link":"https:\/\/www.actualidadadiario.com\/index.php\/2024\/10\/08\/el-ajuste-de-milei-no-convence-al-60-de-los-encuestados-que-apoya-el-fondo-universitario-y-rechaza-la-privatizacion-de-aerolineas\/","title":{"rendered":"El ajuste de Milei no convence al 60% de los encuestados, que apoya el fondo universitario y rechaza la privatizaci\u00f3n de Aerol\u00edneas"},"content":{"rendered":"<p style=\"text-align: center;\"><em><strong>As\u00ed lo revel\u00f3 un estudio de la consultora Analog\u00edas, que tambi\u00e9n indic\u00f3 que la desaprobaci\u00f3n del Gobierno se profundiz\u00f3 en el \u00faltimo mes y registr\u00f3 una ca\u00edda en la imagen del Presidente<\/strong><\/em><\/p>\n<p>&nbsp;<\/p>\n<p>&nbsp;<\/p>\n<p>Un nuevo estudio registr\u00f3 otra ca\u00edda en la imagen del presidente Javier Milei y dio cuenta que las opiniones mayoritarias no lo acompa\u00f1an en dos de los grandes temas que impulsa su gobierno: el veto a la Ley del Financiamiento Universitario y la privatizaci\u00f3n de Aerol\u00edneas Argentinas. Adem\u00e1s, por primera se atribuy\u00f3 de forma equitativa la responsabilidad de la crisis econ\u00f3mica a su gesti\u00f3n como a la de Alberto Fern\u00e1ndez.<\/p>\n<p>En medio del conflicto con los gremios aeron\u00e1uticos y a la espera de la definici\u00f3n del Congreso por la confirmaci\u00f3n o el rechazo del veto presidencial al aumento presupuestario de las universidades, la encuesta realizada por la consultora Analog\u00edas report\u00f3 que se trata de dos temas que tienen &#8220;im\u00e1genes con amplios diferenciales positivos&#8221;.<\/p>\n<p>La privatizaci\u00f3n de la aerol\u00ednea de bandera registra un claro rechazo (50%) y hay amplio apoyo a la ley de financiamiento a las altas casas de estudio (59%) que Milei rechaz\u00f3, dice el relevamiento que fue realizado a trav\u00e9s de entrevistas telef\u00f3nicas entre el 25 y el 28 de agosto pasado en todo el pa\u00eds a 2.651 casos, con un margen de error de +\/- 2% y un nivel de confianza del 95%.<\/p>\n<p>\u201cSe trata de dos de los enemigos especialmente elegidos por la administraci\u00f3n actual&#8221;, destac\u00f3 Marina Acosta, directora de Comunicaci\u00f3n de Analog\u00edas. Durante este a\u00f1o se realizaron dos marchas universitarias masivas para pedir la ampliaci\u00f3n de fondos, los gremios del sector a\u00e9reo han realizado distintos paros y medidas de fuerza en aeropuertos por mejoras salariales y en contra de la privatizaci\u00f3n de Aerol\u00edneas.<\/p>\n<p>Este \u00faltimo tema comenz\u00f3 a debatirse en un plenario de comisiones de Diputados, mientras que Milei public\u00f3 un decreto para declarar &#8220;sujeta a privatizaci\u00f3n&#8221; la compa\u00f1\u00eda estatal e intent\u00f3 avanzar por la misma v\u00eda con la esencialidad de la actividad aeron\u00e1utica.<\/p>\n<p>Puntualmente, el estudio mostr\u00f3 que un 84,3% de los encuestados tiene una imagen positiva de las universidades p\u00fablicas, un 10,9% tiene una negativa y un 4,8% dijo que &#8220;No sabe&#8221;. En esa l\u00ednea, 67,2% manifest\u00f3 estar informado sobre el veto presidencial y un 59,3% coment\u00f3 estar &#8220;de acuerdo&#8221; con la Ley de Financiamiento Universitario (un 26% se expres\u00f3 en contra y un 14,7% no se defini\u00f3 al respecto).<\/p>\n<p>Por el lado de la l\u00ednea a\u00e9rea de bandera, un 57,3% sostuvo que tiene una valoraci\u00f3n positiva de la empresa, un 36,8% tiene una negativa y hubo un 5,9% de indecisi\u00f3n. Adem\u00e1s, un 50% rechaz\u00f3 la privatizaci\u00f3n de Aerol\u00edneas, un 40,3% se mostr\u00f3 a favor de la idea y el 9,6% dijo que &#8220;No sabe&#8221;.<\/p>\n<p>&#8220;Como la escala de los ajustes presupuestarios que esas entidades suponen no justifica la radicalizaci\u00f3n en su contra, evidentemente esa elecci\u00f3n tiene que ver con una trama simb\u00f3lico-pol\u00edtica y de negocios privados. Es decir, algo no estrictamente fiscal\u201d, coment\u00f3 Acosta.<\/p>\n<p>&nbsp;<\/p>\n<p><strong>La imagen del Gobierno de Milei<\/strong><\/p>\n<p>En otros de sus apartados, la encuesta revel\u00f3 que la desaprobaci\u00f3n del Gobierno se profundiz\u00f3 en septiembre con la p\u00e9rdida de 2 puntos adicionales respecto de agosto (48%). El 46,2% manifest\u00f3 tener una imagen positiva del fundador de La Libertad Avanza (LLA), mientras que el 49,4% expres\u00f3 una valoraci\u00f3n negativa y el 4,3% no respondi\u00f3.<\/p>\n<p>La consultora destac\u00f3 que, acorde a sus mediciones, la ca\u00edda de la imagen de Milei por primera vez en la serie anual tiene un diferencial negativo. Adem\u00e1s, las malas evaluaciones sobre el manejo de la econom\u00eda (50%) siguen siendo peores que la evaluaci\u00f3n global del gobierno (50%).<\/p>\n<p>Otro de los puntos a tener en cuenta es la asignaci\u00f3n de responsabilidad por la inflaci\u00f3n y la crisis econ\u00f3mica que atraviesa el pa\u00eds. Hasta el momento el principal apuntado era el Gobierno anterior, pero ahora la situaci\u00f3n se volvi\u00f3 m\u00e1s pareja: un 37,5% de las personas encuestadas cree que Milei tiene mayor responsabilidad, un 36% se\u00f1al\u00f3 que el responsable principal es Alberto Fern\u00e1ndez, el 15,8% dijo que &#8220;los dos por igual&#8221;, y 10,6% &#8220;No sabe&#8221;.<\/p>\n<p>Se mantienen opiniones algo mayoritarias que sostienen que el sacrificio exigido por la pol\u00edtica econ\u00f3mica \u201cno tiene sentido\u201d (45%), que \u201cexiste una alternativa\u201d al programa de ajuste actual (39%), y que el incremento de la pobreza \u201cser\u00e1 permanente\u201d (45,4%).<\/p>\n<p>Por otro lado, el 49% sostuvo que que la desocupaci\u00f3n es el principal problema del pa\u00eds, mientras que el 39% dijo que es la inflaci\u00f3n. Esto se condice con el ranking de preocupaciones, donde el desempleo lider\u00f3 la tabla con un 30,2%, seguido por la corrupci\u00f3n (25,5%), la inflaci\u00f3n (19,8%), la inseguridad (8,4%), la salud y la educaci\u00f3n (6,6%) y la violencia (4,5%).<\/p>\n<p>Por \u00faltimo, un 60% consider\u00f3 que cree que el Gobierno seguir\u00e1 ajustando la econom\u00eda \u201cmucho o bastante\u201d y un 70% estima que su situaci\u00f3n econ\u00f3mica personal y familiar depende de la situaci\u00f3n econ\u00f3mica del pa\u00eds.<\/p>\n","protected":false},"excerpt":{"rendered":"<p>As\u00ed lo revel\u00f3 un estudio de la consultora Analog\u00edas, que tambi\u00e9n indic\u00f3 que la desaprobaci\u00f3n del Gobierno se profundiz\u00f3 en el \u00faltimo mes y registr\u00f3 una ca\u00edda en la imagen del Presidente &nbsp; &nbsp; Un nuevo estudio registr\u00f3 otra ca\u00edda en la imagen del presidente Javier Milei y dio cuenta que las opiniones mayoritarias no lo acompa\u00f1an en dos de los grandes temas que impulsa su gobierno: el veto a la Ley del Financiamiento Universitario y la privatizaci\u00f3n de Aerol\u00edneas Argentinas. Adem\u00e1s, por primera se atribuy\u00f3 de forma equitativa la&#8230;<\/p>\n","protected":false},"author":3,"featured_media":115178,"comment_status":"closed","ping_status":"closed","sticky":false,"template":"","format":"standard","meta":[],"categories":[9],"tags":[],"_links":{"self":[{"href":"https:\/\/www.actualidadadiario.com\/index.php\/wp-json\/wp\/v2\/posts\/121244"}],"collection":[{"href":"https:\/\/www.actualidadadiario.com\/index.php\/wp-json\/wp\/v2\/posts"}],"about":[{"href":"https:\/\/www.actualidadadiario.com\/index.php\/wp-json\/wp\/v2\/types\/post"}],"author":[{"embeddable":true,"href":"https:\/\/www.actualidadadiario.com\/index.php\/wp-json\/wp\/v2\/users\/3"}],"replies":[{"embeddable":true,"href":"https:\/\/www.actualidadadiario.com\/index.php\/wp-json\/wp\/v2\/comments?post=121244"}],"version-history":[{"count":1,"href":"https:\/\/www.actualidadadiario.com\/index.php\/wp-json\/wp\/v2\/posts\/121244\/revisions"}],"predecessor-version":[{"id":121245,"href":"https:\/\/www.actualidadadiario.com\/index.php\/wp-json\/wp\/v2\/posts\/121244\/revisions\/121245"}],"wp:featuredmedia":[{"embeddable":true,"href":"https:\/\/www.actualidadadiario.com\/index.php\/wp-json\/wp\/v2\/media\/115178"}],"wp:attachment":[{"href":"https:\/\/www.actualidadadiario.com\/index.php\/wp-json\/wp\/v2\/media?parent=121244"}],"wp:term":[{"taxonomy":"category","embeddable":true,"href":"https:\/\/www.actualidadadiario.com\/index.php\/wp-json\/wp\/v2\/categories?post=121244"},{"taxonomy":"post_tag","embeddable":true,"href":"https:\/\/www.actualidadadiario.com\/index.php\/wp-json\/wp\/v2\/tags?post=121244"}],"curies":[{"name":"wp","href":"https:\/\/api.w.org\/{rel}","templated":true}]}}