{"id":121232,"date":"2024-10-08T11:20:51","date_gmt":"2024-10-08T14:20:51","guid":{"rendered":"https:\/\/www.actualidadadiario.com\/?p=121232"},"modified":"2024-10-08T11:20:51","modified_gmt":"2024-10-08T14:20:51","slug":"los-presos-no-podran-usar-celulares-en-las-carceles-de-mendoza","status":"publish","type":"post","link":"https:\/\/www.actualidadadiario.com\/index.php\/2024\/10\/08\/los-presos-no-podran-usar-celulares-en-las-carceles-de-mendoza\/","title":{"rendered":"Los presos no podr\u00e1n usar celulares en las c\u00e1rceles de Mendoza"},"content":{"rendered":"<p style=\"text-align: center;\"><em><strong>Lo ratific\u00f3 la Corte Suprema y, de esta manera, obligaron a que regrese el sistema de visitas<\/strong><\/em><\/p>\n<p>&nbsp;<\/p>\n<p>&nbsp;<\/p>\n<p>La Corte Suprema ratific\u00f3 que los presos no podr\u00e1n usar celulares en las c\u00e1rceles de Mendoza, por lo que vuelve a ser obligatorio el sistema de visitas. La medida hab\u00eda sido reglamentada en la pandemia.<\/p>\n<p>Este lunes, por 2 votos a 1, la Corte Suprema anunci\u00f3 que se proh\u00edbe que los presos usen celulares dentro de las c\u00e1rceles mendocinas luego de que el juez Sebasti\u00e1n Sarmiento resolviera en enero de este a\u00f1o dicha resoluci\u00f3n.<\/p>\n<p>En esta oportunidad, el supremo tribunal rechaz\u00f3 el recurso presentado por el Ministerio P\u00fablico de Defensa y de este modo se hace efectiva la medida.<\/p>\n<p>Hab\u00eda sido en 2020 cuando en la presidencia de Alberto Fern\u00e1ndez se habilit\u00f3 que los presos utilicen celulares para poder comunicarse con sus familiares ya que por la pandemia de Coronavirus no pod\u00edan recibir visitas.<\/p>\n<p>Sin embargo, en enero de 2024 Sarmiento present\u00f3 un escrito en el que explica que \u201cse ha superado el estado de emergencia sanitaria a nivel global, tal como lo ha resuelto la Organizaci\u00f3n Mundial de la Salud (OMS)\u201d.<\/p>\n<p>Tras varios meses, este lunes se anunci\u00f3 que queda establecida la prohibici\u00f3n de que los reclusos utilicen celulares y obliga a que regrese el sistema de visitas.<\/p>\n<p>Aun as\u00ed, las autoridades se\u00f1alaron que habr\u00e1 excepciones. Una de ellas ser\u00e1 en caso de tener hijos o un preso\/a que lo necesite para una actividad determinada, como estudiar.<\/p>\n","protected":false},"excerpt":{"rendered":"<p>Lo ratific\u00f3 la Corte Suprema y, de esta manera, obligaron a que regrese el sistema de visitas &nbsp; &nbsp; La Corte Suprema ratific\u00f3 que los presos no podr\u00e1n usar celulares en las c\u00e1rceles de Mendoza, por lo que vuelve a ser obligatorio el sistema de visitas. La medida hab\u00eda sido reglamentada en la pandemia. Este lunes, por 2 votos a 1, la Corte Suprema anunci\u00f3 que se proh\u00edbe que los presos usen celulares dentro de las c\u00e1rceles mendocinas luego de que el juez Sebasti\u00e1n Sarmiento resolviera en enero de este&#8230;<\/p>\n","protected":false},"author":3,"featured_media":121233,"comment_status":"closed","ping_status":"closed","sticky":false,"template":"","format":"standard","meta":[],"categories":[2],"tags":[],"_links":{"self":[{"href":"https:\/\/www.actualidadadiario.com\/index.php\/wp-json\/wp\/v2\/posts\/121232"}],"collection":[{"href":"https:\/\/www.actualidadadiario.com\/index.php\/wp-json\/wp\/v2\/posts"}],"about":[{"href":"https:\/\/www.actualidadadiario.com\/index.php\/wp-json\/wp\/v2\/types\/post"}],"author":[{"embeddable":true,"href":"https:\/\/www.actualidadadiario.com\/index.php\/wp-json\/wp\/v2\/users\/3"}],"replies":[{"embeddable":true,"href":"https:\/\/www.actualidadadiario.com\/index.php\/wp-json\/wp\/v2\/comments?post=121232"}],"version-history":[{"count":1,"href":"https:\/\/www.actualidadadiario.com\/index.php\/wp-json\/wp\/v2\/posts\/121232\/revisions"}],"predecessor-version":[{"id":121234,"href":"https:\/\/www.actualidadadiario.com\/index.php\/wp-json\/wp\/v2\/posts\/121232\/revisions\/121234"}],"wp:featuredmedia":[{"embeddable":true,"href":"https:\/\/www.actualidadadiario.com\/index.php\/wp-json\/wp\/v2\/media\/121233"}],"wp:attachment":[{"href":"https:\/\/www.actualidadadiario.com\/index.php\/wp-json\/wp\/v2\/media?parent=121232"}],"wp:term":[{"taxonomy":"category","embeddable":true,"href":"https:\/\/www.actualidadadiario.com\/index.php\/wp-json\/wp\/v2\/categories?post=121232"},{"taxonomy":"post_tag","embeddable":true,"href":"https:\/\/www.actualidadadiario.com\/index.php\/wp-json\/wp\/v2\/tags?post=121232"}],"curies":[{"name":"wp","href":"https:\/\/api.w.org\/{rel}","templated":true}]}}