{"id":121223,"date":"2024-10-08T10:39:24","date_gmt":"2024-10-08T13:39:24","guid":{"rendered":"https:\/\/www.actualidadadiario.com\/?p=121223"},"modified":"2024-10-08T10:39:24","modified_gmt":"2024-10-08T13:39:24","slug":"tras-las-lluvias-preven-varios-dias-con-elevada-nubosidad-en-entre-rios","status":"publish","type":"post","link":"https:\/\/www.actualidadadiario.com\/index.php\/2024\/10\/08\/tras-las-lluvias-preven-varios-dias-con-elevada-nubosidad-en-entre-rios\/","title":{"rendered":"Tras las lluvias, prev\u00e9n varios d\u00edas con elevada nubosidad en Entre R\u00edos"},"content":{"rendered":"<p style=\"text-align: center;\"><em><strong>Luego de un lunes lluvioso, este martes contin\u00faa con mejores condiciones, pero muchas nubes. Bajaron las temperaturas en la provincia<\/strong><\/em><\/p>\n<p>&nbsp;<\/p>\n<p>&nbsp;<\/p>\n<p>El Servicio Meteorol\u00f3gico Nacional -SMN- informa que este martes 8 de octubre se presenta con mejores condiciones del tiempo en Entre R\u00edos luego de las lluvias, pero muchas nubes que seguir\u00e1n hasta el viernes.<\/p>\n<p>El pron\u00f3stico indica que continuar\u00e1 la nubosidad elevada al igual que la humedad. Persisten algunas inestabilidades aisladas, pero ser\u00e1 s\u00f3lo durante horas de la ma\u00f1ana. No se descarta para este mi\u00e9rcoles de tarde alguna lluvia aislada.<\/p>\n<p>En cuanto a las temperaturas, las t\u00e9rmicas bajaron este martes y se esperan para hoy m\u00ednimas de entre 13 y 16 grados, mientras que las m\u00e1ximas anunciadas para hoy es de entre 23 y 25 grados.<\/p>\n<p>&nbsp;<\/p>\n<p><strong>Detalles del tiempo por zonas para hoy<\/strong><\/p>\n<p>En Paran\u00e1, La Paz, Diamante, Nogoy\u00e1 y Villaguay se prev\u00e9 una m\u00ednima de 16 grados y m\u00e1xima de 23 grados. Se estar\u00e1 con posibles neblinas de ma\u00f1ana, cielo nublado y mayormente nublado el resto del d\u00eda.<\/p>\n<p>En Concordia, Federal, Feliciano, Federaci\u00f3n y San Salvador prev\u00e9n 15 grados de m\u00ednima y 23 grados de m\u00e1xima. Podr\u00eda haber lluvias aisladas de ma\u00f1ana, cielo nublado de tarde y mayormente nublado de noche.<\/p>\n<p>En Uruguay, Gualeguaych\u00fa, Islas del Ibicuy, Col\u00f3n y Tala se aguarda una m\u00ednima de 13 grados y m\u00e1xima de 25 grados. Se prev\u00e9n neblinas por la ma\u00f1ana y cielo mayormente nublado el resto de la jornada.<\/p>\n<p>Finalmente, en Victoria y Gualeguay se indica 15 grados de m\u00ednima y 24 grados de m\u00e1xima para hoy, con neblinas por la ma\u00f1ana y cielo mayormente nublado la tarde y la noche.<\/p>\n","protected":false},"excerpt":{"rendered":"<p>Luego de un lunes lluvioso, este martes contin\u00faa con mejores condiciones, pero muchas nubes. Bajaron las temperaturas en la provincia &nbsp; &nbsp; El Servicio Meteorol\u00f3gico Nacional -SMN- informa que este martes 8 de octubre se presenta con mejores condiciones del tiempo en Entre R\u00edos luego de las lluvias, pero muchas nubes que seguir\u00e1n hasta el viernes. El pron\u00f3stico indica que continuar\u00e1 la nubosidad elevada al igual que la humedad. Persisten algunas inestabilidades aisladas, pero ser\u00e1 s\u00f3lo durante horas de la ma\u00f1ana. No se descarta para este mi\u00e9rcoles de tarde alguna&#8230;<\/p>\n","protected":false},"author":3,"featured_media":121224,"comment_status":"closed","ping_status":"closed","sticky":false,"template":"","format":"standard","meta":[],"categories":[15],"tags":[],"_links":{"self":[{"href":"https:\/\/www.actualidadadiario.com\/index.php\/wp-json\/wp\/v2\/posts\/121223"}],"collection":[{"href":"https:\/\/www.actualidadadiario.com\/index.php\/wp-json\/wp\/v2\/posts"}],"about":[{"href":"https:\/\/www.actualidadadiario.com\/index.php\/wp-json\/wp\/v2\/types\/post"}],"author":[{"embeddable":true,"href":"https:\/\/www.actualidadadiario.com\/index.php\/wp-json\/wp\/v2\/users\/3"}],"replies":[{"embeddable":true,"href":"https:\/\/www.actualidadadiario.com\/index.php\/wp-json\/wp\/v2\/comments?post=121223"}],"version-history":[{"count":1,"href":"https:\/\/www.actualidadadiario.com\/index.php\/wp-json\/wp\/v2\/posts\/121223\/revisions"}],"predecessor-version":[{"id":121225,"href":"https:\/\/www.actualidadadiario.com\/index.php\/wp-json\/wp\/v2\/posts\/121223\/revisions\/121225"}],"wp:featuredmedia":[{"embeddable":true,"href":"https:\/\/www.actualidadadiario.com\/index.php\/wp-json\/wp\/v2\/media\/121224"}],"wp:attachment":[{"href":"https:\/\/www.actualidadadiario.com\/index.php\/wp-json\/wp\/v2\/media?parent=121223"}],"wp:term":[{"taxonomy":"category","embeddable":true,"href":"https:\/\/www.actualidadadiario.com\/index.php\/wp-json\/wp\/v2\/categories?post=121223"},{"taxonomy":"post_tag","embeddable":true,"href":"https:\/\/www.actualidadadiario.com\/index.php\/wp-json\/wp\/v2\/tags?post=121223"}],"curies":[{"name":"wp","href":"https:\/\/api.w.org\/{rel}","templated":true}]}}