{"id":121212,"date":"2024-10-08T10:30:33","date_gmt":"2024-10-08T13:30:33","guid":{"rendered":"https:\/\/www.actualidadadiario.com\/?p=121212"},"modified":"2024-10-08T10:30:33","modified_gmt":"2024-10-08T13:30:33","slug":"continua-el-cronograma-de-pagos-de-becas-provinciales-con-nuevo-aumento","status":"publish","type":"post","link":"https:\/\/www.actualidadadiario.com\/index.php\/2024\/10\/08\/continua-el-cronograma-de-pagos-de-becas-provinciales-con-nuevo-aumento\/","title":{"rendered":"Contin\u00faa el cronograma de pagos de becas provinciales con nuevo aumento"},"content":{"rendered":"<p style=\"text-align: center;\"><em><strong>Hasta el pr\u00f3ximo viernes se extender\u00e1 el cronograma de pagos de becas provinciales. Desde el Instituto Becario, confirmaron que el monto recibir\u00e1 un incremento significativo<\/strong><\/em><\/p>\n<p>&nbsp;<\/p>\n<p>&nbsp;<\/p>\n<p>\u00abCon el gobernador Frigerio seguimos afianzando el sistema de acompa\u00f1amiento al estudiantado, con una beca que ha recibido un 170 por ciento de aumento en estos 10 meses de gesti\u00f3n\u00bb, dijo el director ejecutivo del Instituto Becario, Mariano Berdi\u00f1as. La beca universitaria pasar\u00e1 a 35.000 pesos, se confirm\u00f3 oficialmente este viernes.<\/p>\n<p>&nbsp;<\/p>\n<p><strong>Incremento en becas<\/strong><\/p>\n<p>El cronograma de pagos de becas provinciales\u00a0 es con el formato habitual de tramos seg\u00fan la entidad bancaria y culminaci\u00f3n de DNI del beneficiario.<\/p>\n<p>El director del ente aut\u00e1rquico, Mariano Berdi\u00f1as, destac\u00f3 que \u00abadem\u00e1s, el monto recibir\u00e1 un incremento significativo, que acumula en estos 10 meses de gesti\u00f3n cerca de 170 % de aumento en los principales programas\u00bb, subray\u00f3 la funcionaria.<\/p>\n<p>&nbsp;<\/p>\n<p><strong>Impacto del aumento<\/strong><\/p>\n<p>\u00abCon el gobernador Rogelio Frigerio compartimos la decisi\u00f3n pol\u00edtica de continuar afianzando este sistema de acompa\u00f1amiento al estudiantado, que recibe un marcado apoyo y compromiso de los profesionales entrerrianos con el cumplimiento del Impuesto al Ejercicio de las Profesiones Liberales\u00bb.<\/p>\n<p>\u00abM\u00e1s de 16.000 estudiantes entrerrianos ver\u00e1n reflejado este aumento en su beneficio. Asimismo, m\u00e1s de 35.000 alumnos se encuentran contenidos por los Programas y Servicios que impulsa el gobierno de Entre R\u00edos a trav\u00e9s de nuestro Instituto Becario\u00bb, concluy\u00f3 Berdi\u00f1as en un comunicado enviado a este medio.<\/p>\n<p>&nbsp;<\/p>\n<p><strong>Cronograma de pago de becas<\/strong><\/p>\n<ul>\n<li><strong>Martes 8:<\/strong> terminaci\u00f3n del DNI en 0,1 y 2 cuentas de otros bancos.<\/li>\n<li><strong>Mi\u00e9rcoles 9:<\/strong> terminaci\u00f3n del DNI en 3, 4 y 5 cuentas de otros bancos.<\/li>\n<li><strong>Jueves 10:<\/strong> terminaci\u00f3n de DNI en 6, 7, 8 y 9 cuentas de otros bancos.<\/li>\n<\/ul>\n<p>&nbsp;<\/p>\n<p><strong>Aumento de Becas<\/strong><\/p>\n<p>Para ejemplificar, tres becas del Programa Ordinario recibieron un aumento cercano al 170% comparando diciembre de 2023 con octubre del presente a\u00f1o. La Secundaria pas\u00f3 de 6500 pesos a 17.500 pesos; la Terciaria de 10.500 pesos a 28.000 pesos; y la beca Universitaria de 13.000 a 35.000 pesos, se indic\u00f3 en el escrito.<\/p>\n","protected":false},"excerpt":{"rendered":"<p>Hasta el pr\u00f3ximo viernes se extender\u00e1 el cronograma de pagos de becas provinciales. Desde el Instituto Becario, confirmaron que el monto recibir\u00e1 un incremento significativo &nbsp; &nbsp; \u00abCon el gobernador Frigerio seguimos afianzando el sistema de acompa\u00f1amiento al estudiantado, con una beca que ha recibido un 170 por ciento de aumento en estos 10 meses de gesti\u00f3n\u00bb, dijo el director ejecutivo del Instituto Becario, Mariano Berdi\u00f1as. La beca universitaria pasar\u00e1 a 35.000 pesos, se confirm\u00f3 oficialmente este viernes. &nbsp; Incremento en becas El cronograma de pagos de becas provinciales\u00a0 es&#8230;<\/p>\n","protected":false},"author":3,"featured_media":121158,"comment_status":"closed","ping_status":"closed","sticky":false,"template":"","format":"standard","meta":[],"categories":[15],"tags":[],"_links":{"self":[{"href":"https:\/\/www.actualidadadiario.com\/index.php\/wp-json\/wp\/v2\/posts\/121212"}],"collection":[{"href":"https:\/\/www.actualidadadiario.com\/index.php\/wp-json\/wp\/v2\/posts"}],"about":[{"href":"https:\/\/www.actualidadadiario.com\/index.php\/wp-json\/wp\/v2\/types\/post"}],"author":[{"embeddable":true,"href":"https:\/\/www.actualidadadiario.com\/index.php\/wp-json\/wp\/v2\/users\/3"}],"replies":[{"embeddable":true,"href":"https:\/\/www.actualidadadiario.com\/index.php\/wp-json\/wp\/v2\/comments?post=121212"}],"version-history":[{"count":1,"href":"https:\/\/www.actualidadadiario.com\/index.php\/wp-json\/wp\/v2\/posts\/121212\/revisions"}],"predecessor-version":[{"id":121213,"href":"https:\/\/www.actualidadadiario.com\/index.php\/wp-json\/wp\/v2\/posts\/121212\/revisions\/121213"}],"wp:featuredmedia":[{"embeddable":true,"href":"https:\/\/www.actualidadadiario.com\/index.php\/wp-json\/wp\/v2\/media\/121158"}],"wp:attachment":[{"href":"https:\/\/www.actualidadadiario.com\/index.php\/wp-json\/wp\/v2\/media?parent=121212"}],"wp:term":[{"taxonomy":"category","embeddable":true,"href":"https:\/\/www.actualidadadiario.com\/index.php\/wp-json\/wp\/v2\/categories?post=121212"},{"taxonomy":"post_tag","embeddable":true,"href":"https:\/\/www.actualidadadiario.com\/index.php\/wp-json\/wp\/v2\/tags?post=121212"}],"curies":[{"name":"wp","href":"https:\/\/api.w.org\/{rel}","templated":true}]}}