{"id":121209,"date":"2024-10-08T10:29:57","date_gmt":"2024-10-08T13:29:57","guid":{"rendered":"https:\/\/www.actualidadadiario.com\/?p=121209"},"modified":"2024-10-08T10:29:57","modified_gmt":"2024-10-08T13:29:57","slug":"el-gobierno-capacitara-a-municipios-en-gestion-sostenible-junto-a-universidades","status":"publish","type":"post","link":"https:\/\/www.actualidadadiario.com\/index.php\/2024\/10\/08\/el-gobierno-capacitara-a-municipios-en-gestion-sostenible-junto-a-universidades\/","title":{"rendered":"El gobierno capacitar\u00e1 a municipios en gesti\u00f3n sostenible junto a universidades"},"content":{"rendered":"<p style=\"text-align: center;\"><em><strong>El gobierno firm\u00f3 un convenio con las universidades entrerrianas para dictar una Diplomatura Universitaria en Gesti\u00f3n de Municipios Sostenibles. El acuerdo se concret\u00f3 entre el Ministerio de Gobierno y Trabajo y la Facultad de Ciencias Econ\u00f3micas de la Universidad Nacional de Entre R\u00edos (FCEco &#8211; UNER)<\/strong><\/em><\/p>\n<p>&nbsp;<\/p>\n<p>&nbsp;<\/p>\n<p>Tras la r\u00fabrica del convenio el ministro de Gobierno y Trabajo, Manuel Troncoso, destac\u00f3 &#8220;la importancia de este espacio formativo para acercar herramientas y conocimientos espec\u00edficos a todos los municipios de la provincia y que &#8220;la diplomatura va a ofrecer la posibilidad de un dictado virtual, para que todos los municipios puedan acceder sin importar en qu\u00e9 punto de la provincia se encuentren&#8221;.<\/p>\n<p>Luego el ministro Troncoso a\u00f1adi\u00f3: &#8220;En esta era, pensar en el desarrollo de nuestras localidades va de la mano de la formaci\u00f3n permanente. No podemos tener el prop\u00f3sito de ser m\u00e1s sustentables, m\u00e1s desarrollados, sin apostar a la formaci\u00f3n, eso es el futuro&#8221;.<\/p>\n<p>El decano de la FCEco de la UNER, Sebasti\u00e1n P\u00e9rez, explic\u00f3 que &#8220;a trav\u00e9s del Centro Universitario de Gesti\u00f3n Gubernamental que tenemos con UADER, estamos lanzando esta diplomatura junto al gobierno de la provincia para capacitar a dirigentes, funcionarios, municipios y comunas, con el objetivo com\u00fan de lograr gestiones m\u00e1s eficientes&#8221;.<\/p>\n<p>La r\u00fabrica del convenio se concret\u00f3 con las firmas del ministro Troncoso en representaci\u00f3n del gobierno provincial y el decano Sebasti\u00e1n P\u00e9rez (FCEco &#8211; UNER). Tambi\u00e9n estuvieron presentes el secretario de Trabajo, Mariano Camoirano; el jefe de Gabinete del Ministerio de Gobierno y Trabajo, Abelardo del Prado; y el decano de la Facultad de Ciencias de la Gesti\u00f3n de la Universidad Aut\u00f3noma de Entre R\u00edos\u00a0 (FCG &#8211; UADER), Carlos Cuenca, como parte del Centro Universitario de Gesti\u00f3n Gubernamental integrado por la FCEco y la Facultad de Ciencias de la Gesti\u00f3n de UADER y que ser\u00e1 el que tendr\u00e1 a cargo el dictado de la diplomatura que se llevar\u00e1 adelante en formato virtual sincr\u00f3nico.<\/p>\n","protected":false},"excerpt":{"rendered":"<p>El gobierno firm\u00f3 un convenio con las universidades entrerrianas para dictar una Diplomatura Universitaria en Gesti\u00f3n de Municipios Sostenibles. El acuerdo se concret\u00f3 entre el Ministerio de Gobierno y Trabajo y la Facultad de Ciencias Econ\u00f3micas de la Universidad Nacional de Entre R\u00edos (FCEco &#8211; UNER) &nbsp; &nbsp; Tras la r\u00fabrica del convenio el ministro de Gobierno y Trabajo, Manuel Troncoso, destac\u00f3 &#8220;la importancia de este espacio formativo para acercar herramientas y conocimientos espec\u00edficos a todos los municipios de la provincia y que &#8220;la diplomatura va a ofrecer la posibilidad&#8230;<\/p>\n","protected":false},"author":3,"featured_media":121210,"comment_status":"closed","ping_status":"closed","sticky":false,"template":"","format":"standard","meta":[],"categories":[15],"tags":[],"_links":{"self":[{"href":"https:\/\/www.actualidadadiario.com\/index.php\/wp-json\/wp\/v2\/posts\/121209"}],"collection":[{"href":"https:\/\/www.actualidadadiario.com\/index.php\/wp-json\/wp\/v2\/posts"}],"about":[{"href":"https:\/\/www.actualidadadiario.com\/index.php\/wp-json\/wp\/v2\/types\/post"}],"author":[{"embeddable":true,"href":"https:\/\/www.actualidadadiario.com\/index.php\/wp-json\/wp\/v2\/users\/3"}],"replies":[{"embeddable":true,"href":"https:\/\/www.actualidadadiario.com\/index.php\/wp-json\/wp\/v2\/comments?post=121209"}],"version-history":[{"count":1,"href":"https:\/\/www.actualidadadiario.com\/index.php\/wp-json\/wp\/v2\/posts\/121209\/revisions"}],"predecessor-version":[{"id":121211,"href":"https:\/\/www.actualidadadiario.com\/index.php\/wp-json\/wp\/v2\/posts\/121209\/revisions\/121211"}],"wp:featuredmedia":[{"embeddable":true,"href":"https:\/\/www.actualidadadiario.com\/index.php\/wp-json\/wp\/v2\/media\/121210"}],"wp:attachment":[{"href":"https:\/\/www.actualidadadiario.com\/index.php\/wp-json\/wp\/v2\/media?parent=121209"}],"wp:term":[{"taxonomy":"category","embeddable":true,"href":"https:\/\/www.actualidadadiario.com\/index.php\/wp-json\/wp\/v2\/categories?post=121209"},{"taxonomy":"post_tag","embeddable":true,"href":"https:\/\/www.actualidadadiario.com\/index.php\/wp-json\/wp\/v2\/tags?post=121209"}],"curies":[{"name":"wp","href":"https:\/\/api.w.org\/{rel}","templated":true}]}}