{"id":121206,"date":"2024-10-08T10:28:47","date_gmt":"2024-10-08T13:28:47","guid":{"rendered":"https:\/\/www.actualidadadiario.com\/?p=121206"},"modified":"2024-10-08T10:28:47","modified_gmt":"2024-10-08T13:28:47","slug":"dos-intendentes-del-pj-se-pasaron-a-las-filas-de-rogelio-frigerio","status":"publish","type":"post","link":"https:\/\/www.actualidadadiario.com\/index.php\/2024\/10\/08\/dos-intendentes-del-pj-se-pasaron-a-las-filas-de-rogelio-frigerio\/","title":{"rendered":"Dos intendentes del PJ se pasaron a las filas de Rogelio Frigerio"},"content":{"rendered":"<p style=\"text-align: center;\"><em><strong>Ariel Stuker, de La Criolla, y Javier Gold\u00edn, de Estancia Grande, dejan la liga de jefes comunales del PJ. El gobernador suma en la conformaci\u00f3n del frigerismo<\/strong><\/em><\/p>\n<p>&nbsp;<\/p>\n<p>&nbsp;<\/p>\n<p>La semana arranc\u00f3 con una noticia de alto impacto pol\u00edtico en Entre R\u00edos. Aunque se trate de dos peque\u00f1as localidades del departamento Concordia, en la gesti\u00f3n de Rogelio Frigerio celebran el fichaje de dos intendentes que se alejaron del peronismo para tributar en el Foro de Intendentes de Juntos.<\/p>\n<p>As\u00ed lo confirm\u00f3 Manuel Troncoso, ministro de Gobierno y Trabajo y el encargado de ampliar la base pol\u00edtica del espacio que el gobernador quiere consolidar en la provincia. El frigerismo avanza en Entre R\u00edos.<\/p>\n<p>&nbsp;<\/p>\n<p><strong>La base pol\u00edtica del frigerismo en Entre R\u00edos<\/strong><\/p>\n<p>En modo tibur\u00f3n, donde ve sangre Troncoso come. As\u00ed encontr\u00f3 en Ariel Stucker de La Criolla y Javier Gold\u00edn de Estancia Grande dos jefes comunales que, seg\u00fan interpretan en el gobierno, estaban heridos por no recibir \u201ccontenci\u00f3n del peronismo\u201d.<\/p>\n<p>El acuerdo se sell\u00f3 el viernes por la noche, en una reuni\u00f3n que ambos mandatarios locales tuvieron con Frigerio y Troncoso. Seg\u00fan supo este medio, el encuentro fue en Concordia, luego de que el gobernador participara de la inauguraci\u00f3n de la Expo Madera y de reuniones oficiales con la flamante Delegaci\u00f3n Argentina ante la Comisi\u00f3n T\u00e9cnica Mixta de Salto Grande, ocasi\u00f3n en la que recorri\u00f3 tambi\u00e9n la represa.<\/p>\n<p>&nbsp;<\/p>\n<p><strong>Del peronismo a las filas de Juntos<\/strong><\/p>\n<p>Tanto Stucker como Gold\u00edn asumieron sus segundos mandatos en diciembre del a\u00f1o pasado, bajo la \u00f3rbita del frente M\u00e1s para Entre R\u00edos. Fueron reelectos habiendo ganado las PASO y desde que est\u00e1n en gesti\u00f3n integran la Liga de Intendentes del Partido Justicialista, que en la actualidad comanda Rosario Romero.<\/p>\n<p>Adem\u00e1s de esa pertenencia partidaria, en plena campa\u00f1a electoral se pronunciaron a favor del candidato Ad\u00e1n Bahl, que termin\u00f3 derrotado por Frigerio. En el caso de Gold\u00edn, en el peronismo lo refieren como un delf\u00edn de Edgardo Kueider. El senador, que ingres\u00f3 por el Frente de Todos, viene jugando en sinton\u00eda con los posicionamientos pol\u00edticos de Frigerio y del presidente Javier Milei.<\/p>\n<p>Seg\u00fan argumentan en el gobierno, la relaci\u00f3n con estos dos intendentes fue buena desde el inicio de la gesti\u00f3n. \u201cFrigerio atiende a todos los intendentes, del peronismo o de donde vengan. Les damos respuestas a todo lo que est\u00e9 a nuestro alcance\u201d, asegur\u00f3 Troncoso.<\/p>\n<p>Sobre el v\u00ednculo con Stuker y Gold\u00edn, Troncoso cont\u00f3: \u201cven\u00edamos hablando con ellos desde hace mucho tiempo, tuvimos siempre una muy buena relaci\u00f3n, y ahora ambos se retiraron de la liga del PJ y en lo inmediato se sumar\u00e1n a la fila de Juntos. Este salto que ambos dan es para nosotros un salto de confianza hacia el gobernador Frigerio\u201d.<\/p>\n<p>&nbsp;<\/p>\n<p><strong>La \u201ccosecha peronista\u201d de Rogelio Frigerio<\/strong><\/p>\n<p>Hasta ahora, son 36 las y los mandatarios que integran la Liga de intendentes Justicialistas. Si se consolida el abandono institucional, La Criolla y Estancia Grande pasar\u00edan a engordar las filas del Foro de Intendentes de Juntos por el Cambio que preside el concordiense Francisco Azcu\u00e9.<\/p>\n<p>El de Stuker y Gold\u00edn es un nuevo cap\u00edtulo en la saga de pases que Frigerio viene contabilizando desde haces unos meses. Primero fue un exfuncionario de Concordia, Fernando Barboza. Luego se sumaron al frigerismo el exintendente Alfredo Francolini; el excandidato Eduardo Asueta; y el exfuncionario de ANSES, Alberto Zadoyko.<\/p>\n","protected":false},"excerpt":{"rendered":"<p>Ariel Stuker, de La Criolla, y Javier Gold\u00edn, de Estancia Grande, dejan la liga de jefes comunales del PJ. El gobernador suma en la conformaci\u00f3n del frigerismo &nbsp; &nbsp; La semana arranc\u00f3 con una noticia de alto impacto pol\u00edtico en Entre R\u00edos. Aunque se trate de dos peque\u00f1as localidades del departamento Concordia, en la gesti\u00f3n de Rogelio Frigerio celebran el fichaje de dos intendentes que se alejaron del peronismo para tributar en el Foro de Intendentes de Juntos. As\u00ed lo confirm\u00f3 Manuel Troncoso, ministro de Gobierno y Trabajo y el&#8230;<\/p>\n","protected":false},"author":3,"featured_media":121207,"comment_status":"closed","ping_status":"closed","sticky":false,"template":"","format":"standard","meta":[],"categories":[9],"tags":[],"_links":{"self":[{"href":"https:\/\/www.actualidadadiario.com\/index.php\/wp-json\/wp\/v2\/posts\/121206"}],"collection":[{"href":"https:\/\/www.actualidadadiario.com\/index.php\/wp-json\/wp\/v2\/posts"}],"about":[{"href":"https:\/\/www.actualidadadiario.com\/index.php\/wp-json\/wp\/v2\/types\/post"}],"author":[{"embeddable":true,"href":"https:\/\/www.actualidadadiario.com\/index.php\/wp-json\/wp\/v2\/users\/3"}],"replies":[{"embeddable":true,"href":"https:\/\/www.actualidadadiario.com\/index.php\/wp-json\/wp\/v2\/comments?post=121206"}],"version-history":[{"count":1,"href":"https:\/\/www.actualidadadiario.com\/index.php\/wp-json\/wp\/v2\/posts\/121206\/revisions"}],"predecessor-version":[{"id":121208,"href":"https:\/\/www.actualidadadiario.com\/index.php\/wp-json\/wp\/v2\/posts\/121206\/revisions\/121208"}],"wp:featuredmedia":[{"embeddable":true,"href":"https:\/\/www.actualidadadiario.com\/index.php\/wp-json\/wp\/v2\/media\/121207"}],"wp:attachment":[{"href":"https:\/\/www.actualidadadiario.com\/index.php\/wp-json\/wp\/v2\/media?parent=121206"}],"wp:term":[{"taxonomy":"category","embeddable":true,"href":"https:\/\/www.actualidadadiario.com\/index.php\/wp-json\/wp\/v2\/categories?post=121206"},{"taxonomy":"post_tag","embeddable":true,"href":"https:\/\/www.actualidadadiario.com\/index.php\/wp-json\/wp\/v2\/tags?post=121206"}],"curies":[{"name":"wp","href":"https:\/\/api.w.org\/{rel}","templated":true}]}}