{"id":121203,"date":"2024-10-07T16:12:47","date_gmt":"2024-10-07T19:12:47","guid":{"rendered":"https:\/\/www.actualidadadiario.com\/?p=121203"},"modified":"2024-10-07T16:12:47","modified_gmt":"2024-10-07T19:12:47","slug":"el-pro-anuncio-su-apoyo-al-veto-sobre-financiamiento-universitario","status":"publish","type":"post","link":"https:\/\/www.actualidadadiario.com\/index.php\/2024\/10\/07\/el-pro-anuncio-su-apoyo-al-veto-sobre-financiamiento-universitario\/","title":{"rendered":"El Pro anunci\u00f3 su apoyo al veto sobre Financiamiento Universitario"},"content":{"rendered":"<p style=\"text-align: center;\"><em><strong>A trav\u00e9s de un comunicado, desde el partido amarillo cargaron contra la UCR y se\u00f1alaron que \u201cmientras defienden el aumento de presupuesto a las universidades, rechazan la privatizaci\u00f3n de un gran n\u00famero de empresas p\u00fablicas deficitarias\u201d<\/strong><\/em><\/p>\n<p>&nbsp;<\/p>\n<p>&nbsp;<\/p>\n<p>En v\u00edsperas de la sesi\u00f3n especial por la que Diputados tratar\u00e1 el proyecto de Ley de Financiamiento Universitario vetado por el presidente Javier Milei, desde el Pro emitieron un comunicado donde record\u00f3 c\u00f3mo votaron el proyecto en agosto y remarc\u00f3 que \u201cseguimos pensando lo mismo\u201d, en alusi\u00f3n a no insistir con la iniciativa.<\/p>\n<p>\u201cSomos coherentes con la necesidad de sostener el equilibrio fiscal para que nuestro pa\u00eds siga adelante\u201d, manifestaron a trav\u00e9s del texto publicado por bloque amarillo, en donde tambi\u00e9n criticaron a sus exaliados en Cambiemos y Juntos por el Cambio: \u201cRechazamos el populismo legislativo de fuerzas como la Uni\u00f3n C\u00edvica Radical que mientras defiende el aumento de presupuesto a las universidades, rechaza la privatizaci\u00f3n de un gran n\u00famero de empresas p\u00fablicas deficitarias\u201d.<\/p>\n<p>En tal sentido, se\u00f1alaron que \u201cel Pro siempre ha defendido la bandera de la educaci\u00f3n p\u00fablica\u201d, y cargaron que \u201clo demostr\u00f3 durante la presidencia de Mauricio Macri y lo sigue mostrando en sus actuales administraciones provinciales, municipales y de la Ciudad de Buenos Aires.<\/p>\n<p>Asimismo, enumeraron una serie de cr\u00edticas contra la gesti\u00f3n del Gobierno de Javier Milei respecto a las universidades, por la que aseveraron que el Poder Ejecutivo \u201cse encuentra en un conflicto agravado por cuestiones internas del propio gobierno, conflicto que con una gesti\u00f3n profesional y eficiente se podr\u00eda haber evitado\u201d. \u201cComo siempre hemos se\u00f1alado, para el PRO la gesti\u00f3n importa\u201d, agregaron.<\/p>\n<p>&nbsp;<\/p>\n<p><strong>Cr\u00edticas al Gobierno de Milei <\/strong><\/p>\n<p>Entre los fuertes cuestionamientos al Gobierno nacional, citaron: \u201cDecidi\u00f3 prorrogar el presupuesto del a\u00f1o 2023 sin establecer con claridad los fondos que se iban a asignar a las universidades durante 2024; no termin\u00f3 de conformar las autoridades de la Auditor\u00eda General de la Naci\u00f3n, organismo responsable de auditar a las universidades; y no constituy\u00f3 la Comisi\u00f3n Mixta Revisora de Cuentas que define el plan de auditor\u00edas para la AGN\u201d.<\/p>\n<p>Asimismo, sum\u00f3 que el Gobierno de Milei \u201ctampoco derog\u00f3 la resoluci\u00f3n del exprocurador (Carlos) Zanini del 28 de noviembre de 2022 que impide a la SIGEN, organismo auditor del Poder Ejecutivo, auditar a las universidades\u201d, cuestion\u00f3: \u201cNo constituy\u00f3 la Comisi\u00f3n Mixta Revisora de Cuentas que define el plan de auditor\u00edas para la Auditor\u00eda General de la Naci\u00f3n, y agreg\u00f3: \u201cLlegando al \u00faltimo trimestre del a\u00f1o no ha logrado acordar con los gremios universitarios una paritaria que traiga tranquilidad a docentes y estudiantes\u201d.<\/p>\n<p>En el final del comunicado emitido por la bancada que preside Cristian Ritondo, instaron al Gobierno a \u201cconvocar a un di\u00e1logo que avance de manera urgente para alcanzar un acuerdo con los gremios universitarios, incluya las necesidades de las universidades en el proyecto de Presupuesto 2025 de manera prioritaria y derogue la resoluci\u00f3n mencionada y avance en las tareas pendientes sobre la AGN para garantizar la transparencia del gasto universitario\u201d.<\/p>\n","protected":false},"excerpt":{"rendered":"<p>A trav\u00e9s de un comunicado, desde el partido amarillo cargaron contra la UCR y se\u00f1alaron que \u201cmientras defienden el aumento de presupuesto a las universidades, rechazan la privatizaci\u00f3n de un gran n\u00famero de empresas p\u00fablicas deficitarias\u201d &nbsp; &nbsp; En v\u00edsperas de la sesi\u00f3n especial por la que Diputados tratar\u00e1 el proyecto de Ley de Financiamiento Universitario vetado por el presidente Javier Milei, desde el Pro emitieron un comunicado donde record\u00f3 c\u00f3mo votaron el proyecto en agosto y remarc\u00f3 que \u201cseguimos pensando lo mismo\u201d, en alusi\u00f3n a no insistir con la&#8230;<\/p>\n","protected":false},"author":3,"featured_media":121204,"comment_status":"closed","ping_status":"closed","sticky":false,"template":"","format":"standard","meta":[],"categories":[18],"tags":[],"_links":{"self":[{"href":"https:\/\/www.actualidadadiario.com\/index.php\/wp-json\/wp\/v2\/posts\/121203"}],"collection":[{"href":"https:\/\/www.actualidadadiario.com\/index.php\/wp-json\/wp\/v2\/posts"}],"about":[{"href":"https:\/\/www.actualidadadiario.com\/index.php\/wp-json\/wp\/v2\/types\/post"}],"author":[{"embeddable":true,"href":"https:\/\/www.actualidadadiario.com\/index.php\/wp-json\/wp\/v2\/users\/3"}],"replies":[{"embeddable":true,"href":"https:\/\/www.actualidadadiario.com\/index.php\/wp-json\/wp\/v2\/comments?post=121203"}],"version-history":[{"count":1,"href":"https:\/\/www.actualidadadiario.com\/index.php\/wp-json\/wp\/v2\/posts\/121203\/revisions"}],"predecessor-version":[{"id":121205,"href":"https:\/\/www.actualidadadiario.com\/index.php\/wp-json\/wp\/v2\/posts\/121203\/revisions\/121205"}],"wp:featuredmedia":[{"embeddable":true,"href":"https:\/\/www.actualidadadiario.com\/index.php\/wp-json\/wp\/v2\/media\/121204"}],"wp:attachment":[{"href":"https:\/\/www.actualidadadiario.com\/index.php\/wp-json\/wp\/v2\/media?parent=121203"}],"wp:term":[{"taxonomy":"category","embeddable":true,"href":"https:\/\/www.actualidadadiario.com\/index.php\/wp-json\/wp\/v2\/categories?post=121203"},{"taxonomy":"post_tag","embeddable":true,"href":"https:\/\/www.actualidadadiario.com\/index.php\/wp-json\/wp\/v2\/tags?post=121203"}],"curies":[{"name":"wp","href":"https:\/\/api.w.org\/{rel}","templated":true}]}}