{"id":121200,"date":"2024-10-07T16:11:37","date_gmt":"2024-10-07T19:11:37","guid":{"rendered":"https:\/\/www.actualidadadiario.com\/?p=121200"},"modified":"2024-10-07T16:11:37","modified_gmt":"2024-10-07T19:11:37","slug":"manana-comienza-a-tratarse-el-presupuesto-2025-sin-caputo","status":"publish","type":"post","link":"https:\/\/www.actualidadadiario.com\/index.php\/2024\/10\/07\/manana-comienza-a-tratarse-el-presupuesto-2025-sin-caputo\/","title":{"rendered":"Ma\u00f1ana comienza a tratarse el Presupuesto 2025, sin Caputo"},"content":{"rendered":"<p style=\"text-align: center;\"><em><strong>En medio de las negociaciones por el veto del financiamiento universitario, se comenzar\u00e1 a debatir el Presupuesto 2025. El ministro de Econom\u00eda adelant\u00f3 que no piensa exponer en el Congreso, pero ir\u00e1n funcionarios a defender el proyecto. Negociaci\u00f3n espejo con el Senado<\/strong><\/em><\/p>\n<p>&nbsp;<\/p>\n<p>&nbsp;<\/p>\n<p>El Gobierno se prepara para defender el Presupuesto 2025 en la primera reuni\u00f3n de comisi\u00f3n programada para ma\u00f1ana a las 14 en Diputados. El encuentro ser\u00e1 presidido por el diputado Jos\u00e9 Luis Espert y contar\u00e1 con presencia de funcionarios de Econom\u00eda aunque sin el ministro Luis Caputo, y se espera que resurja el cuestionamiento por el financiamiento universitario, justo antes de que se trate el veto en la sesi\u00f3n del mi\u00e9rcoles a las 11.<\/p>\n<p>&#8220;No voy a gastar mi tiempo en hacerle el show (al kirchnerismo). Va la gente que corresponde, el que quiera hablar conmigo lo recibo sin problemas&#8221;, expres\u00f3 el titular del Palacio de Hacienda en una entrevista con LaNaci\u00f3n+ que se televis\u00f3 anoche. La oposici\u00f3n reclamaba arduamente por la exposici\u00f3n del ministro, quien tambi\u00e9n guard\u00f3 silencio en la presentaci\u00f3n del proyecto el 15 de septiembre, cuando el presidente Javier Milei dio su discurso frente a un recinto semi-vac\u00edo un domingo a la noche.<\/p>\n<p>El debut del tratamiento de la Ley de Leyes se posterg\u00f3 dos semanas, pero la fecha estimativa para su aprobaci\u00f3n sigue siendo la misma para el Gobierno: creen que para fines de noviembre ya estar\u00e1 en Diputados. La idea es que la comisi\u00f3n de Presupuesto se re\u00fana todos los martes y, en simult\u00e1neo, avanzar con las negociaciones en el Senado para que despu\u00e9s su paso por la C\u00e1mara alta se agilice.<\/p>\n<p>El encargado para eso ser\u00e1 el senador Ezequiel Atauche, presidente de la comisi\u00f3n de Presupuesto en el Senado, quien trabajar\u00e1 de la mano del vicejefe de Gabinete, Jos\u00e9 Rolandi, para orquestar las conversaciones entre legisladores y el Ejecutivo. Lo definieron a modo de aprendizaje despu\u00e9s de los vaivenes de la Ley Bases, que se ator\u00f3 en la C\u00e1mara alta con una lista de pedidos que despu\u00e9s tuvieron que revisar en Diputados y contradijo m\u00e1s de un acuerdo. En ese entonces, el negociador que salvaba el d\u00eda era Guillermo Francos. Le quieren ahorrar ese trabajo con Presupuesto 2025.<\/p>\n<p>De no poder lograrlo, dado que el proyecto debe ser sancionado para fin de a\u00f1o, puede que se llame a extraordinarias. La otra cara de la moneda es prorrogar el Presupuesto de este a\u00f1o, que ya tiene dos a\u00f1os de antig\u00fcedad, un plan B que para algunos personajes de Casa Rosada en realidad pareciera ser un plan A encubierto, puesto que le permitir\u00eda al Gobierno tener un ajuste por default al no actualizar las partidas.<\/p>\n<p>El primer encuentro se da en medio de un contexto decisivo para el Gobierno, que quiere negociar a trav\u00e9s del proyecto para 2025 una alternativa para que los aliados del PRO y algunos de la UCR colaboren para blindar el veto por la Ley de Financiamiento Universitario, aunque esta plantea una recomposici\u00f3n de lo perdido por la inflaci\u00f3n este a\u00f1o. En ese sentido, se mostraron dispuestos a ampliar las partidas designadas para la Educaci\u00f3n, que originalmente se par\u00f3 en un total de $3,8 mil millones. Nada suceder\u00e1 sin una auditor\u00eda de por medio.<\/p>\n<p>Para la primera reuni\u00f3n convocaron al secretario de Hacienda, Carlos Guberman, quien hace semanas mantiene reuniones con Espert para preparar su exposici\u00f3n, y el secretario de Finanzas, Pablo Quirno, entre otros funcionarios de la cartera de Caputo. Expondr\u00e1n frente a los integrantes de la comisi\u00f3n, que cuenta con 20 diputados de UxP de un total de 48 integrantes: el Gobierno necesita 25 firmantes para obtener dictamen y cuentan con una base s\u00f3lida de solo seis diputados del oficialismo. El resto, depender\u00e1 de los gobernadores y el jefe de bloque del PRO, Cristian Ritondo, adelant\u00f3 hace semanas que quiere que los de Juntos por el Cambio expongan en una oportunidad.<\/p>\n","protected":false},"excerpt":{"rendered":"<p>En medio de las negociaciones por el veto del financiamiento universitario, se comenzar\u00e1 a debatir el Presupuesto 2025. El ministro de Econom\u00eda adelant\u00f3 que no piensa exponer en el Congreso, pero ir\u00e1n funcionarios a defender el proyecto. Negociaci\u00f3n espejo con el Senado &nbsp; &nbsp; El Gobierno se prepara para defender el Presupuesto 2025 en la primera reuni\u00f3n de comisi\u00f3n programada para ma\u00f1ana a las 14 en Diputados. El encuentro ser\u00e1 presidido por el diputado Jos\u00e9 Luis Espert y contar\u00e1 con presencia de funcionarios de Econom\u00eda aunque sin el ministro Luis&#8230;<\/p>\n","protected":false},"author":3,"featured_media":121201,"comment_status":"closed","ping_status":"closed","sticky":false,"template":"","format":"standard","meta":[],"categories":[18],"tags":[],"_links":{"self":[{"href":"https:\/\/www.actualidadadiario.com\/index.php\/wp-json\/wp\/v2\/posts\/121200"}],"collection":[{"href":"https:\/\/www.actualidadadiario.com\/index.php\/wp-json\/wp\/v2\/posts"}],"about":[{"href":"https:\/\/www.actualidadadiario.com\/index.php\/wp-json\/wp\/v2\/types\/post"}],"author":[{"embeddable":true,"href":"https:\/\/www.actualidadadiario.com\/index.php\/wp-json\/wp\/v2\/users\/3"}],"replies":[{"embeddable":true,"href":"https:\/\/www.actualidadadiario.com\/index.php\/wp-json\/wp\/v2\/comments?post=121200"}],"version-history":[{"count":1,"href":"https:\/\/www.actualidadadiario.com\/index.php\/wp-json\/wp\/v2\/posts\/121200\/revisions"}],"predecessor-version":[{"id":121202,"href":"https:\/\/www.actualidadadiario.com\/index.php\/wp-json\/wp\/v2\/posts\/121200\/revisions\/121202"}],"wp:featuredmedia":[{"embeddable":true,"href":"https:\/\/www.actualidadadiario.com\/index.php\/wp-json\/wp\/v2\/media\/121201"}],"wp:attachment":[{"href":"https:\/\/www.actualidadadiario.com\/index.php\/wp-json\/wp\/v2\/media?parent=121200"}],"wp:term":[{"taxonomy":"category","embeddable":true,"href":"https:\/\/www.actualidadadiario.com\/index.php\/wp-json\/wp\/v2\/categories?post=121200"},{"taxonomy":"post_tag","embeddable":true,"href":"https:\/\/www.actualidadadiario.com\/index.php\/wp-json\/wp\/v2\/tags?post=121200"}],"curies":[{"name":"wp","href":"https:\/\/api.w.org\/{rel}","templated":true}]}}