{"id":121198,"date":"2024-10-07T16:10:25","date_gmt":"2024-10-07T19:10:25","guid":{"rendered":"https:\/\/www.actualidadadiario.com\/?p=121198"},"modified":"2024-10-07T16:10:25","modified_gmt":"2024-10-07T19:10:25","slug":"ya-es-oficial-la-sesion-de-este-miercoles-para-debatir-el-veto-presidencial","status":"publish","type":"post","link":"https:\/\/www.actualidadadiario.com\/index.php\/2024\/10\/07\/ya-es-oficial-la-sesion-de-este-miercoles-para-debatir-el-veto-presidencial\/","title":{"rendered":"Ya es oficial la sesi\u00f3n de este mi\u00e9rcoles para debatir el veto presidencial"},"content":{"rendered":"<p style=\"text-align: center;\"><em><strong>A cuatro d\u00edas de haberse presentado tres pedidos por distintos bloques, la sesi\u00f3n especial fue oficializada este lunes. Gran expectativa respecto del resultado que vaya a tener la votaci\u00f3n esta vez<\/strong><\/em><\/p>\n<p>&nbsp;<\/p>\n<p>&nbsp;<\/p>\n<p>La C\u00e1mara baja oficializ\u00f3 la convocatoria a sesionar este mi\u00e9rcoles a partir de las 11 para debatir el veto presidencial contra la Ley de Financiamiento Universitario. Tres pedidos fueron realizados por distintos bloques de la oposici\u00f3n un d\u00eda despu\u00e9s de la gran marcha universitaria reclamando por la vigencia de la norma.<\/p>\n<p>Luego que ingresara formalmente al Congreso el decreto 879\/24, publicado en el Bolet\u00edn Oficial, se presentaron tres solicitudes para tratar el tema. Seg\u00fan supo parlamentario.com, Encuentro Federal, la bancada presidida por Miguel Pichetto, quer\u00eda que todos los bloques suscribieran juntos, pero desde la conducci\u00f3n del bloque de la UCR no quer\u00edan dejar la firma estampada junto a Uni\u00f3n por la Patria.<\/p>\n<p>As\u00ed las cosas, el primer pedido enviado al presidente de la C\u00e1mara baja, Mart\u00edn Menem, fue el de los radicales. La segunda solicitud fue la de Encuentro Federal junto a la Coalici\u00f3n C\u00edvica, Movimiento Popular Neuquino y Por Santa Cruz, y la tercera de UP. Todos para el mismo d\u00eda y horario, con lo cual la nota suscripta por el secretario Parlamentario, Adri\u00e1n Pag\u00e1n, hace referencia a las solicitudes formuladas por Rodrigo de Loredo, Miguel Pichetto y Germ\u00e1n Mart\u00ednez para \u201cconsiderar el expediente 17-PE-2024, Mensaje Nro. 0057\/2024 de fecha 2 de octubre de 2024, comunicando el dictado del Decreto 879\/2024, por el cual se observa totalmente y se devuelve el Proyecto de Ley registrado bajo el N\u00b0 27.757\u201d.<\/p>\n<p>Aunque el oficialismo cuenta con el antecedente reciente a su favor de haber logrado sostener la decisi\u00f3n del presidente Javier Milei en torno a la ley que recompon\u00eda jubilaciones, con la ayuda de los bautizados \u201c87 h\u00e9roes\u201d, el panorama no parece en este caso favorable -por ahora- para La Libertad Avanza.<\/p>\n<p>Si hubiera asistencia perfecta, el oficialismo deber\u00eda reunir 86 voluntades en contra de la insistencia de la ley. Pero los n\u00fameros necesarios, tanto para un lado como para el otro, disminuyen a medida que hay ausentes (con dos tercios de los presentes se lograr\u00eda ratificar la ley). As\u00ed, con que al Gobierno le falte alguno de sus \u201ch\u00e9roes\u201d, estar\u00eda complicado. Envalentonamiento o ingenuidad para el oficialismo haber cre\u00eddo que ese tercio que logr\u00f3 el pasado 11 de septiembre se convertir\u00eda en un m\u00e1gico n\u00famero autom\u00e1tico.<\/p>\n<p>Dentro de los apoyos que buscar\u00e1 LLA est\u00e1n los cinco diputados de la UCR que, pol\u00e9micamente, acompa\u00f1aron a blindar el veto de la movilidad jubilatoria. Despu\u00e9s de eso, sumado a la causa universidades, por la cual el partido centenario levanta bandera, se encuentran a\u00fan m\u00e1s presionados. En la votaci\u00f3n original dos de ellos estuvieron ausentes y los otros tres votaron a favor de la ley. Si alguno no votara esta vez junto al Gobierno y adem\u00e1s se ausentara, colaborar\u00eda con la oposici\u00f3n. Dentro de la bancada radical aseguran que est\u00e1n \u201ctrabajando uno a uno los votos para la insistencia\u201d.<\/p>\n<p>Tambi\u00e9n es mirado con atenci\u00f3n que har\u00e1n los ocho integrantes de Innovaci\u00f3n Federal, que responden a los mandatarios de Salta, Misiones y R\u00edo Negro. En el caso jubilaciones, pasaron del voto a favor a la abstenci\u00f3n. A la Ley de Financiamiento Universitario la acompa\u00f1aron positivamente. Los salte\u00f1os est\u00e1n dispuestos a ratificar el voto a favor, seg\u00fan lo anunci\u00f3 la propia jefa del bloque, mientras que los dem\u00e1s todav\u00eda no se sabe. Aunque este lunes hubo definiciones por parte de un misionero.<\/p>\n<p>Pero lo que determinar\u00e1 todo para LLA depender\u00e1 de lo que resuelva el Pro, su aliado que posee un bloque con solo un diputado de diferencia en cantidad. Dentro de la bancada amarilla hay varios que analizan cu\u00e1n conveniente ser\u00e1 pagar un nuevo costo pol\u00edtico junto al Gobierno. El espacio presidido por Cristian Ritondo evit\u00f3 sentar una postura respecto al veto universitario y todav\u00eda hay incertidumbre. Reci\u00e9n tomar\u00e1n la decisi\u00f3n en la reuni\u00f3n del bloque prevista para este martes, y se comprometieron hasta entonces a no revelar ning\u00fan dato sobre c\u00f3mo quieren votar individualmente. Sin embargo, algunos lo hicieron este fin de semana.<\/p>\n<p>A ello se suma que los larretistas \u00c1lvaro Gonz\u00e1lez y H\u00e9ctor Baldassi, ausentes en la primera votaci\u00f3n, ya dieron indicios de que votar\u00e1n en contra del veto. El porte\u00f1o particip\u00f3 de la marcha de este mi\u00e9rcoles, mientras que el cordob\u00e9s public\u00f3 un sugestivo mensaje en sus redes. Cuando sali\u00f3 la media sanci\u00f3n hubo adem\u00e1s otros cuatro legisladores del Pro ausentes.<\/p>\n<p>La Ley de Financiamiento Universitario fue aprobada el pasado 15 de agosto en la C\u00e1mara de Diputados por los bloques de Uni\u00f3n por la Patria, UCR, Encuentro Federal, Innovaci\u00f3n Federal, Coalici\u00f3n C\u00edvica, Por Santa Cruz y Movimiento Popular Neuquino.<\/p>\n","protected":false},"excerpt":{"rendered":"<p>A cuatro d\u00edas de haberse presentado tres pedidos por distintos bloques, la sesi\u00f3n especial fue oficializada este lunes. Gran expectativa respecto del resultado que vaya a tener la votaci\u00f3n esta vez &nbsp; &nbsp; La C\u00e1mara baja oficializ\u00f3 la convocatoria a sesionar este mi\u00e9rcoles a partir de las 11 para debatir el veto presidencial contra la Ley de Financiamiento Universitario. Tres pedidos fueron realizados por distintos bloques de la oposici\u00f3n un d\u00eda despu\u00e9s de la gran marcha universitaria reclamando por la vigencia de la norma. Luego que ingresara formalmente al Congreso&#8230;<\/p>\n","protected":false},"author":3,"featured_media":116230,"comment_status":"closed","ping_status":"closed","sticky":false,"template":"","format":"standard","meta":[],"categories":[18],"tags":[],"_links":{"self":[{"href":"https:\/\/www.actualidadadiario.com\/index.php\/wp-json\/wp\/v2\/posts\/121198"}],"collection":[{"href":"https:\/\/www.actualidadadiario.com\/index.php\/wp-json\/wp\/v2\/posts"}],"about":[{"href":"https:\/\/www.actualidadadiario.com\/index.php\/wp-json\/wp\/v2\/types\/post"}],"author":[{"embeddable":true,"href":"https:\/\/www.actualidadadiario.com\/index.php\/wp-json\/wp\/v2\/users\/3"}],"replies":[{"embeddable":true,"href":"https:\/\/www.actualidadadiario.com\/index.php\/wp-json\/wp\/v2\/comments?post=121198"}],"version-history":[{"count":1,"href":"https:\/\/www.actualidadadiario.com\/index.php\/wp-json\/wp\/v2\/posts\/121198\/revisions"}],"predecessor-version":[{"id":121199,"href":"https:\/\/www.actualidadadiario.com\/index.php\/wp-json\/wp\/v2\/posts\/121198\/revisions\/121199"}],"wp:featuredmedia":[{"embeddable":true,"href":"https:\/\/www.actualidadadiario.com\/index.php\/wp-json\/wp\/v2\/media\/116230"}],"wp:attachment":[{"href":"https:\/\/www.actualidadadiario.com\/index.php\/wp-json\/wp\/v2\/media?parent=121198"}],"wp:term":[{"taxonomy":"category","embeddable":true,"href":"https:\/\/www.actualidadadiario.com\/index.php\/wp-json\/wp\/v2\/categories?post=121198"},{"taxonomy":"post_tag","embeddable":true,"href":"https:\/\/www.actualidadadiario.com\/index.php\/wp-json\/wp\/v2\/tags?post=121198"}],"curies":[{"name":"wp","href":"https:\/\/api.w.org\/{rel}","templated":true}]}}