{"id":121196,"date":"2024-10-07T16:08:42","date_gmt":"2024-10-07T19:08:42","guid":{"rendered":"https:\/\/www.actualidadadiario.com\/?p=121196"},"modified":"2024-10-07T16:08:42","modified_gmt":"2024-10-07T19:08:42","slug":"el-gasto-publico-cayo-30-entre-enero-y-septiembre-que-sectores-concentraron-los-mayores-recortes","status":"publish","type":"post","link":"https:\/\/www.actualidadadiario.com\/index.php\/2024\/10\/07\/el-gasto-publico-cayo-30-entre-enero-y-septiembre-que-sectores-concentraron-los-mayores-recortes\/","title":{"rendered":"El gasto p\u00fablico cay\u00f3 30% entre enero y septiembre: qu\u00e9 sectores concentraron los mayores recortes"},"content":{"rendered":"<p style=\"text-align: center;\"><em><strong>As\u00ed lo indic\u00f3 un estudio de la consultora Analytica, que indic\u00f3 que en septiembre se mantuvo en ritmo de recorte. Jubilados, obra p\u00fablica y subsidios, las claves<\/strong><\/em><\/p>\n<p>&nbsp;<\/p>\n<p>&nbsp;<\/p>\n<p>Mediante la paralizaci\u00f3n de la obra p\u00fablica y la reducci\u00f3n de subsidios y jubilaciones, el Gobierno nacional mantuvo en septiembre la din\u00e1mica de reducci\u00f3n del gasto p\u00fablico y en nueve meses redujo el gasto en 30,1%.<\/p>\n<p>As\u00ed lo indic\u00f3 un estudio de la consultora Analytica, que indic\u00f3 que en septiembre se mantuvo en ritmo de recorte con una ca\u00edda del gasto devengado de 29,7%.<\/p>\n<p>&#8220;Entre las partidas devengadas con mayores ajustes respecto a septiembre 2023 figuran la obra p\u00fablica (-73,1%), las transferencias a provincias (-58,1%) y el gasto en programas sociales (-47,4%)&#8221;, precis\u00f3 el informe. La ca\u00edda en jubilaciones fue de 20% en el a\u00f1o y de 9,3% en septiembre.<\/p>\n<p>Dentro de las transferencias a provincias se encuentran los Aportes del Tesoro Nacional (ATN) y en septiembre no se registr\u00f3 ninguna transferencia bajo este concepto. En lo que va del a\u00f1o la ca\u00edda es del 74,2% interanual en t\u00e9rminos reales.<\/p>\n<p>&nbsp;<\/p>\n<p><strong>Aumentaron los gastos sociales pero cay\u00f3 educaci\u00f3n<\/strong><\/p>\n<p>Por otro lado, el informe destac\u00f3 el aumento del 8,6% en el gasto en asignaciones familiares y AUH, impulsado justamente por una suba del 57,8% en el gasto en la AUH.<\/p>\n<p>En lo que respecta a educaci\u00f3n, en septiembre, el gasto de la secretar\u00eda se redujo un 56,1% interanual real y en los primeros nueve meses la ca\u00edda es del 48,6% comparando con el mismo per\u00edodo del a\u00f1o pasado.<\/p>\n<p>A su vez, el gasto en personal acumulado entre enero y septiembre cay\u00f3 37%.<\/p>\n<p>&nbsp;<\/p>\n<p><strong>Recorte en los salarios docentes<\/strong><\/p>\n<p>Uno de los programas m\u00e1s relevantes de la cartera educativa en 2023 era el Fondo Nacional de Incentivo Docente (FONID) que represent\u00f3 un 14% del gasto total del Ministerio el a\u00f1o pasado y un 76% de las transferencias devengadas a provincias educativos.<\/p>\n<p>Su finalidad era asistir a los gobiernos provinciales para mejorar los salarios docentes. Con el decreto 280\/20242 el programa qued\u00f3 suspendido y desde junio no se registran gastos devengados, as\u00ed en los primeros nueve meses en t\u00e9rminos reales se redujo 90,4%.<\/p>\n","protected":false},"excerpt":{"rendered":"<p>As\u00ed lo indic\u00f3 un estudio de la consultora Analytica, que indic\u00f3 que en septiembre se mantuvo en ritmo de recorte. Jubilados, obra p\u00fablica y subsidios, las claves &nbsp; &nbsp; Mediante la paralizaci\u00f3n de la obra p\u00fablica y la reducci\u00f3n de subsidios y jubilaciones, el Gobierno nacional mantuvo en septiembre la din\u00e1mica de reducci\u00f3n del gasto p\u00fablico y en nueve meses redujo el gasto en 30,1%. As\u00ed lo indic\u00f3 un estudio de la consultora Analytica, que indic\u00f3 que en septiembre se mantuvo en ritmo de recorte con una ca\u00edda del gasto&#8230;<\/p>\n","protected":false},"author":3,"featured_media":119878,"comment_status":"closed","ping_status":"closed","sticky":false,"template":"","format":"standard","meta":[],"categories":[18],"tags":[],"_links":{"self":[{"href":"https:\/\/www.actualidadadiario.com\/index.php\/wp-json\/wp\/v2\/posts\/121196"}],"collection":[{"href":"https:\/\/www.actualidadadiario.com\/index.php\/wp-json\/wp\/v2\/posts"}],"about":[{"href":"https:\/\/www.actualidadadiario.com\/index.php\/wp-json\/wp\/v2\/types\/post"}],"author":[{"embeddable":true,"href":"https:\/\/www.actualidadadiario.com\/index.php\/wp-json\/wp\/v2\/users\/3"}],"replies":[{"embeddable":true,"href":"https:\/\/www.actualidadadiario.com\/index.php\/wp-json\/wp\/v2\/comments?post=121196"}],"version-history":[{"count":1,"href":"https:\/\/www.actualidadadiario.com\/index.php\/wp-json\/wp\/v2\/posts\/121196\/revisions"}],"predecessor-version":[{"id":121197,"href":"https:\/\/www.actualidadadiario.com\/index.php\/wp-json\/wp\/v2\/posts\/121196\/revisions\/121197"}],"wp:featuredmedia":[{"embeddable":true,"href":"https:\/\/www.actualidadadiario.com\/index.php\/wp-json\/wp\/v2\/media\/119878"}],"wp:attachment":[{"href":"https:\/\/www.actualidadadiario.com\/index.php\/wp-json\/wp\/v2\/media?parent=121196"}],"wp:term":[{"taxonomy":"category","embeddable":true,"href":"https:\/\/www.actualidadadiario.com\/index.php\/wp-json\/wp\/v2\/categories?post=121196"},{"taxonomy":"post_tag","embeddable":true,"href":"https:\/\/www.actualidadadiario.com\/index.php\/wp-json\/wp\/v2\/tags?post=121196"}],"curies":[{"name":"wp","href":"https:\/\/api.w.org\/{rel}","templated":true}]}}