{"id":121193,"date":"2024-10-07T16:07:56","date_gmt":"2024-10-07T19:07:56","guid":{"rendered":"https:\/\/www.actualidadadiario.com\/?p=121193"},"modified":"2024-10-07T16:07:56","modified_gmt":"2024-10-07T19:07:56","slug":"cristina-acepto-la-postulacion-a-presidir-el-pj-y-llamo-a-la-unidad-del-peronismo","status":"publish","type":"post","link":"https:\/\/www.actualidadadiario.com\/index.php\/2024\/10\/07\/cristina-acepto-la-postulacion-a-presidir-el-pj-y-llamo-a-la-unidad-del-peronismo\/","title":{"rendered":"Cristina acept\u00f3 la postulaci\u00f3n a presidir el PJ y llam\u00f3 a la unidad del peronismo"},"content":{"rendered":"<p style=\"text-align: center;\"><em><strong>&#8220;Estoy dispuesta, una vez m\u00e1s, a aceptar el desaf\u00edo de debatir en unidad&#8221;, coment\u00f3 la expresidenta en una extensa carta publicada en sus redes sociales. Afirm\u00f3 que el desaf\u00edo es &#8220;enderezar lo que se torci\u00f3 y ordenar lo que se desorden\u00f3&#8221;<\/strong><\/em><\/p>\n<p>&nbsp;<\/p>\n<p>&nbsp;<\/p>\n<p>Cristina Kirchner acept\u00f3 este lunes la postulaci\u00f3n para conducir al Partido Justicialista (PJ) nacional y destac\u00f3 la necesidad de &#8220;enderezar y ordenar&#8221; al peronismo a trav\u00e9s de un debate interno que &#8220;reconstruya su fuerza y aborde nuevas demandas sociales&#8221;.<\/p>\n<p>Tras el operativo &#8220;clamor&#8221; lanzado la semana por numerosos dirigentes kirchneristas para que la expresidenta lidere el PJ, Cristina public\u00f3 una extensa carta p\u00fablica en la que hace un repaso por la historia reciente en el pa\u00eds, concluyendo con un an\u00e1lisis sobre la actualidad y el futuro del justicialismo.<\/p>\n<p>&nbsp;<\/p>\n<p><strong>La carta de Cristina Kirchner al peronismo<\/strong><\/p>\n<p>En la \u00faltima p\u00e1gina del escrito, bajo el subt\u00edtulo &#8220;Enderezar y ordenar&#8221;, afirm\u00f3: &#8220;As\u00ed las cosas, hoy el peronismo s\u00f3lo gobierna 5 de las 23 provincias argentinas y perdi\u00f3 la mayor\u00eda en la C\u00e1mara de Senadores; siendo esta una situaci\u00f3n de p\u00e9rdida de representaci\u00f3n institucional in\u00e9dita en el per\u00edodo democr\u00e1tico&#8221;.<\/p>\n<p>Sobre este punto, manifest\u00f3: &#8220;Quiero decirles que estoy dispuesta, una vez m\u00e1s, a aceptar el desaf\u00edo de debatir en unidad porque si algo tengo claro tambi\u00e9n, es que ac\u00e1 no sobra nadie. Sin embargo, la unidad necesita direcci\u00f3n y proyecto para construir el mejor peronismo posible en una Argentina que se ha vuelto imposible para la mayor\u00eda de sus habitantes&#8221;.<\/p>\n<p>Sostuvo, adem\u00e1s, que &#8220;lograr ello no es un objetivo en s\u00ed mismo, sino concebir a nuestro partido como el instrumento que debe dar el primer paso para reagrupar a todas las fuerzas pol\u00edticas y sociales detr\u00e1s de un programa de gobierno que devuelva a esta Argentina sumida en la crueldad y el odio de los necios, la esperanza y el orgullo de ser argentinos&#8221;.<\/p>\n<p>&#8220;M\u00e1s all\u00e1 de eso, el peronismo sigue siendo la fuerza con mayor cantidad de diputados y senadores nacionales y ello exige, por comprensi\u00f3n hist\u00f3rica y responsabilidad pol\u00edtica, su propia reconstrucci\u00f3n abordando todos y cada una de las nuevas demandas sociales&#8221;, se\u00f1ala el texto.<\/p>\n<p>En esa senda, Fern\u00e1ndez de Kirchner asegur\u00f3 que &#8220;est\u00e1 claro que hay que enderezar lo que se torci\u00f3 y ordenar lo que se desorden\u00f3&#8221; y que &#8220;esto plantea la necesidad de crear un \u00e1mbito de discusi\u00f3n y participaci\u00f3n que hoy no existe y que su ausencia s\u00f3lo genera confusi\u00f3n y vac\u00edo&#8221;.<\/p>\n<p>&#8220;No tengo dudas que, en esta etapa, el partido es el lugar m\u00e1s apropiado para desarrollar el continente que genere el contenido y que este, adem\u00e1s, tenga direcci\u00f3n y objetivos&#8221;, lanz\u00f3.<\/p>\n<p>A la par, la expresidenta manifest\u00f3 que &#8220;debemos aceptar que nada est\u00e1 grabado en piedra y que todo debe ser repensado y discutido&#8221; e insisti\u00f3 con dos planteos realizados en un documento del 6 de septiembre: modificaci\u00f3n de las relaciones laborales y su impacto, nueva estatalidad para un nuevo Estado, reversi\u00f3n del d\u00e9ficit fiscal y c\u00f3mo hacerlo, revisi\u00f3n y reforma de la educaci\u00f3n p\u00fablica, seguridad, modificaciones en la comunicaci\u00f3n social, etc.<\/p>\n<p>En otro pasaje del documento, Cristina admiti\u00f3 que &#8220;el desaf\u00edo es grande y que no basta con los cuadros partidarios&#8221;. No obstante, aclar\u00f3 que tiene grandes esperanzas. &#8220;El mes pasado el peronismo gan\u00f3 los centros de estudiantes en cuatro facultades de la UBA conquistando, por primera vez desde 1973, la Facultad de Arquitectura, Dise\u00f1o y Urbanismo (FADU), que es la segunda m\u00e1s grande de dicha casa de estudios&#8221;.<\/p>\n<p>&#8220;Debemos poner en marcha el segundo trasvasamiento, incorporando las nuevas generaciones en los secundarios, universidades, sindicatos, movimientos sociales y, desde ah\u00ed, recomponer la presencia en las barriadas populares junto a las iglesias, las sociedades de fomento, los clubes de barrio y todas aquellas instituciones organizadas desde la comunidad&#8221;, agreg\u00f3.<\/p>\n<p>Por \u00faltimo, la dirigente agradece &#8220;a todos los compa\u00f1eros y compa\u00f1eras las muestras de cari\u00f1o y los mensajes de apoyo para ser la Presidenta de nuestro partido&#8221;. &#8220;Nunca he ocupado un lugar sin tener la certeza de estar capacitada para la tarea encomendada; sin miedo ni presiones&#8221;, lanz\u00f3.<\/p>\n<p>Luego, en un posdata, se refiri\u00f3 a la tesis &#8220;peronismo &#8211; antuiperonismo&#8221; que desarrolla en la carta y se\u00f1al\u00f3 que &#8220;m\u00e1s all\u00e1 del folclore de las formas argentas, en realidad nunca pudimos ponernos de acuerdo sobre cu\u00e1l debe ser el modelo de acumulaci\u00f3n econ\u00f3mica; como s\u00ed lo hicieron los fundadores en EEUU -hace casi 250 a\u00f1os- o China -hace tan s\u00f3lo 75 a\u00f1os-&#8220;.<\/p>\n<p>&#8220;Miren si no es importante para una Naci\u00f3n definir como se acumula econ\u00f3micamente. Parece mentira, pero &#8216;campo o industria&#8217; todav\u00eda sigue siendo un tema, en una etapa civilizatoria donde la innovaci\u00f3n tecnol\u00f3gica marca la diferencia. Aspiro a poder abordar esa discusi\u00f3n tambi\u00e9n, para que el p\u00e9ndulo s\u00f3lo vuelva a ser el mecanismo de un reloj&#8221;, concluy\u00f3.<\/p>\n","protected":false},"excerpt":{"rendered":"<p>&#8220;Estoy dispuesta, una vez m\u00e1s, a aceptar el desaf\u00edo de debatir en unidad&#8221;, coment\u00f3 la expresidenta en una extensa carta publicada en sus redes sociales. Afirm\u00f3 que el desaf\u00edo es &#8220;enderezar lo que se torci\u00f3 y ordenar lo que se desorden\u00f3&#8221; &nbsp; &nbsp; Cristina Kirchner acept\u00f3 este lunes la postulaci\u00f3n para conducir al Partido Justicialista (PJ) nacional y destac\u00f3 la necesidad de &#8220;enderezar y ordenar&#8221; al peronismo a trav\u00e9s de un debate interno que &#8220;reconstruya su fuerza y aborde nuevas demandas sociales&#8221;. Tras el operativo &#8220;clamor&#8221; lanzado la semana por&#8230;<\/p>\n","protected":false},"author":3,"featured_media":121194,"comment_status":"closed","ping_status":"closed","sticky":false,"template":"","format":"standard","meta":[],"categories":[9],"tags":[],"_links":{"self":[{"href":"https:\/\/www.actualidadadiario.com\/index.php\/wp-json\/wp\/v2\/posts\/121193"}],"collection":[{"href":"https:\/\/www.actualidadadiario.com\/index.php\/wp-json\/wp\/v2\/posts"}],"about":[{"href":"https:\/\/www.actualidadadiario.com\/index.php\/wp-json\/wp\/v2\/types\/post"}],"author":[{"embeddable":true,"href":"https:\/\/www.actualidadadiario.com\/index.php\/wp-json\/wp\/v2\/users\/3"}],"replies":[{"embeddable":true,"href":"https:\/\/www.actualidadadiario.com\/index.php\/wp-json\/wp\/v2\/comments?post=121193"}],"version-history":[{"count":1,"href":"https:\/\/www.actualidadadiario.com\/index.php\/wp-json\/wp\/v2\/posts\/121193\/revisions"}],"predecessor-version":[{"id":121195,"href":"https:\/\/www.actualidadadiario.com\/index.php\/wp-json\/wp\/v2\/posts\/121193\/revisions\/121195"}],"wp:featuredmedia":[{"embeddable":true,"href":"https:\/\/www.actualidadadiario.com\/index.php\/wp-json\/wp\/v2\/media\/121194"}],"wp:attachment":[{"href":"https:\/\/www.actualidadadiario.com\/index.php\/wp-json\/wp\/v2\/media?parent=121193"}],"wp:term":[{"taxonomy":"category","embeddable":true,"href":"https:\/\/www.actualidadadiario.com\/index.php\/wp-json\/wp\/v2\/categories?post=121193"},{"taxonomy":"post_tag","embeddable":true,"href":"https:\/\/www.actualidadadiario.com\/index.php\/wp-json\/wp\/v2\/tags?post=121193"}],"curies":[{"name":"wp","href":"https:\/\/api.w.org\/{rel}","templated":true}]}}