{"id":121191,"date":"2024-10-07T16:06:44","date_gmt":"2024-10-07T19:06:44","guid":{"rendered":"https:\/\/www.actualidadadiario.com\/?p=121191"},"modified":"2024-10-07T16:06:44","modified_gmt":"2024-10-07T19:06:44","slug":"encuesta-la-imagen-de-javier-milei-vuelve-a-caer-y-el-56-rechaza-el-ajuste-a-universidades","status":"publish","type":"post","link":"https:\/\/www.actualidadadiario.com\/index.php\/2024\/10\/07\/encuesta-la-imagen-de-javier-milei-vuelve-a-caer-y-el-56-rechaza-el-ajuste-a-universidades\/","title":{"rendered":"Encuesta: la imagen de Javier Milei vuelve a caer y el 56% rechaza el ajuste a universidades"},"content":{"rendered":"<p style=\"text-align: center;\"><em><strong>Un estudio de la Consultora Giacobbe indic\u00f3 que la valoraci\u00f3n del Presidente cay\u00f3 por cuarto mes consecutivo. Javier Milei ya tiene m\u00e1s imagen negativa que positiva. La opini\u00f3n de la gente sobre temas claves para el Gobierno<\/strong><\/em><\/p>\n<p>&nbsp;<\/p>\n<p>&nbsp;<\/p>\n<p>Una encuesta difundida en las \u00faltimas horas registr\u00f3 una nueva ca\u00edda en la imagen del presidente Javier Milei por cuarto mes consecutivo, con la novedad de que ya es mayor la negativa que la positiva. El estudio tambi\u00e9n midi\u00f3 la opini\u00f3n sobre distintos temas claves para su gesti\u00f3n. Sobre la Ley de Financiamiento Universitario, el 56,1% se manifest\u00f3 en contra de ajustarlo, aunque el Gobierno confirm\u00f3 que ir\u00e1 a la Justicia si el Congreso rechazo el veto.<\/p>\n<p>El estudio de opini\u00f3n p\u00fablica de la Consultora Giacobbe muestra que Milei cuenta con un 42,2% de imagen positiva frente a un 46,2% de negativa y un 10,5% regular.<\/p>\n<p>&#8220;Cuarto mes consecutivo de ca\u00edda de la imagen positiva de Javier Milei. Es el primer mes donde la negativa y la positiva se cruzan&#8221;, se\u00f1al\u00f3 el director de la consultora, Jorge Giacobbe, mediante una serie de mensajes en la red social X.<\/p>\n<p>Aunque el Jefe de Estado tiene una merma en su valoraci\u00f3n, se posicion\u00f3 como el segundo mejor entre los dirigentes consultados. En primer lugar qued\u00f3 la ministra de Seguridad, Patricia Bullrich, con un 43,6% positivo, un 6,4% regular y un 48% negativo; mientras que la vicepresidenta Victoria Villarruel qued\u00f3 detr\u00e1s de Milei, con un 41,6% a favor un 14,5% regular y un 42,5% en contra.<\/p>\n<p>M\u00e1s atr\u00e1s los siguen el papa Francisco, cuya figura alcanz\u00f3 un 35,7% de apoyo, un 19,4% regular y un 41,5% de rechazos; y el gobernador bonaerense Axel Kicillof, que se qued\u00f3 en un 33,5% positivo, un 10,5% regular y un 53,1% negativo.<\/p>\n<p>En los \u00faltimos dos lugares se ubicaron los expresidentes Cristina Fern\u00e1ndez de Kirchner (28% a favor, 11,8% neutral y 59,1% en contra) y Mauricio Macri (22,8% de apoyos, 20,3% regular y 54,9% de rechazo). En todos los casos, la valoraci\u00f3n se complet\u00f3 con un porcentaje de &#8220;No sabe\/No contesta).<\/p>\n<p>El estudio fue realizado con un cuestionario estructurado con preguntas abiertas y cerradas mediante dispositivos m\u00f3viles entre el 26 y el 30 de septiembre \u00faltimo en todo el pa\u00eds a 2.500 casos, con un margen de error de +\/-2%.<\/p>\n<p>&nbsp;<\/p>\n<p><strong>Ajuste, universidades y ciencia<\/strong><\/p>\n<p>&#8220;Tema tras tema, el gobierno va metiendo los dedos en distintos enchufes, con diferentes voltajes&#8221;, analiz\u00f3 el consultor y analista pol\u00edtico en el apartado que midi\u00f3 los distintos temas de inter\u00e9s para la Administraci\u00f3n de La Libertad Avanza.<\/p>\n<p>En cuanto a la propuesta sobre el &#8220;D\u00e9ficit Cero&#8221;, el 34,9% de los encuestados consider\u00f3 que &#8220;Milei tiene raz\u00f3n&#8221; y que &#8220;Hay que lograrlo r\u00e1pido y cueste lo que cueste&#8221;. Un 16,6% opin\u00f3 que &#8220;Milei tiene algo de raz\u00f3n; hay que lograrlo, pero el ajuste debe ser leve&#8221;.<\/p>\n<p>En tanto, un 46,9% -el n\u00facleo duro contrario al Presidente- sostiene que &#8220;Milei est\u00e1 equivocado. No se puede hacer sufrir tanto a la gente&#8221;.<\/p>\n<p>Sin embargo, cuando se pregunt\u00f3 por los fondos destinados a las altas casas de estudio y la ciencia, el 56,1% de los encuestados se mostr\u00f3 en contra de realizar ajustes en estas \u00e1reas. Por otro lado, un 33% apoya que el presidente vete cualquier aumento, mientras que un 10,1% admite no saber sobre el tema.<\/p>\n<p>&#8220;Esto quiere decir que una parte del p\u00fablico de Milei (algo m\u00e1s del 10%) est\u00e1 en desacuerdo con el presidente. Enchufe dif\u00edcil&#8221;, dijo Giacobbe.<\/p>\n<p>&nbsp;<\/p>\n<p><strong>Protocolo antipiquetes y Boleta \u00danica<\/strong><\/p>\n<p>&#8220;Casi 65% a favor de la Boleta \u00danica. Enchufe f\u00e1cil para el presidente, porque agrada a votantes que no lo eligieron. Mal por los diputados que argumentaron que es un tema que no le interesa a la gente&#8221;, coment\u00f3 el consultor sobre el proyecto aprobado por el Congreso y que ser\u00e1 utilizado en las Elecciones Legislativas 2025.<\/p>\n<p>Concretamente este nuevo instrumento electoral obtuvo un respaldo del 64,5%, frente a un 15,5% que se opuso a esta norma y un 18,7% que desconoci\u00f3 su funcionamiento.<\/p>\n<p>Por su parte, el 52,1% de los encuestados se mostr\u00f3 a favor de la implementaci\u00f3n del Protocolo Antipiquetes, usado durante las manifestaciones para evitar los cortes de calle. &#8220;Buen enchufe para el presidente. Diez puntos por encima de su imagen positiva&#8221;, acot\u00f3 Giacobbe. Adem\u00e1s, un 42,3% se manifest\u00f3 en contra de esta medida y un 4,6% no indic\u00f3 una posici\u00f3n definida.<\/p>\n<p>&nbsp;<\/p>\n<p><strong>Aerol\u00edneas Argentinas<\/strong><\/p>\n<p>Por \u00faltimo, el estudio realiz\u00f3 una pregunta sobre el caso de Aerol\u00edneas Argentinas, empresa estatal sobre la que el Gobierno de Milei mantiene un conflicto con los gremios aeron\u00e1utico e intenta avanzar en una privatizaci\u00f3n, mediante el debate en el Congreso y con un decreto.<\/p>\n<p>La opini\u00f3n sobre este tema se vio pr\u00e1cticamente empatada, ya que a favor de la privatizaci\u00f3n se registr\u00f3 un 46,6% de los encuestados y en contra un 45,7%, que dijo que quiere que siga siendo p\u00fablica.<\/p>\n","protected":false},"excerpt":{"rendered":"<p>Un estudio de la Consultora Giacobbe indic\u00f3 que la valoraci\u00f3n del Presidente cay\u00f3 por cuarto mes consecutivo. Javier Milei ya tiene m\u00e1s imagen negativa que positiva. La opini\u00f3n de la gente sobre temas claves para el Gobierno &nbsp; &nbsp; Una encuesta difundida en las \u00faltimas horas registr\u00f3 una nueva ca\u00edda en la imagen del presidente Javier Milei por cuarto mes consecutivo, con la novedad de que ya es mayor la negativa que la positiva. El estudio tambi\u00e9n midi\u00f3 la opini\u00f3n sobre distintos temas claves para su gesti\u00f3n. Sobre la Ley&#8230;<\/p>\n","protected":false},"author":3,"featured_media":120570,"comment_status":"closed","ping_status":"closed","sticky":false,"template":"","format":"standard","meta":[],"categories":[9],"tags":[],"_links":{"self":[{"href":"https:\/\/www.actualidadadiario.com\/index.php\/wp-json\/wp\/v2\/posts\/121191"}],"collection":[{"href":"https:\/\/www.actualidadadiario.com\/index.php\/wp-json\/wp\/v2\/posts"}],"about":[{"href":"https:\/\/www.actualidadadiario.com\/index.php\/wp-json\/wp\/v2\/types\/post"}],"author":[{"embeddable":true,"href":"https:\/\/www.actualidadadiario.com\/index.php\/wp-json\/wp\/v2\/users\/3"}],"replies":[{"embeddable":true,"href":"https:\/\/www.actualidadadiario.com\/index.php\/wp-json\/wp\/v2\/comments?post=121191"}],"version-history":[{"count":1,"href":"https:\/\/www.actualidadadiario.com\/index.php\/wp-json\/wp\/v2\/posts\/121191\/revisions"}],"predecessor-version":[{"id":121192,"href":"https:\/\/www.actualidadadiario.com\/index.php\/wp-json\/wp\/v2\/posts\/121191\/revisions\/121192"}],"wp:featuredmedia":[{"embeddable":true,"href":"https:\/\/www.actualidadadiario.com\/index.php\/wp-json\/wp\/v2\/media\/120570"}],"wp:attachment":[{"href":"https:\/\/www.actualidadadiario.com\/index.php\/wp-json\/wp\/v2\/media?parent=121191"}],"wp:term":[{"taxonomy":"category","embeddable":true,"href":"https:\/\/www.actualidadadiario.com\/index.php\/wp-json\/wp\/v2\/categories?post=121191"},{"taxonomy":"post_tag","embeddable":true,"href":"https:\/\/www.actualidadadiario.com\/index.php\/wp-json\/wp\/v2\/tags?post=121191"}],"curies":[{"name":"wp","href":"https:\/\/api.w.org\/{rel}","templated":true}]}}