{"id":121189,"date":"2024-10-07T12:58:37","date_gmt":"2024-10-07T15:58:37","guid":{"rendered":"https:\/\/www.actualidadadiario.com\/?p=121189"},"modified":"2024-10-07T12:58:37","modified_gmt":"2024-10-07T15:58:37","slug":"anses-sumo-un-nuevo-requisito-eliminara-la-auh-pensiones-y-cualquier-tipo-de-asignacion-familiar-si-no-se-cumple","status":"publish","type":"post","link":"https:\/\/www.actualidadadiario.com\/index.php\/2024\/10\/07\/anses-sumo-un-nuevo-requisito-eliminara-la-auh-pensiones-y-cualquier-tipo-de-asignacion-familiar-si-no-se-cumple\/","title":{"rendered":"ANSES sum\u00f3 un nuevo requisito: eliminar\u00e1 la AUH, pensiones y cualquier tipo de Asignaci\u00f3n Familiar si no se cumple"},"content":{"rendered":"<p style=\"text-align: center;\"><em><strong>La medida, continua a la Resoluci\u00f3n 219 de junio por la cual se redujo el plazo m\u00ednimo de ausencia en el pa\u00eds permitido para continuar percibiendo las liquidaciones mensuales, desde octubre el organismo previsional aplicar\u00e1 de manera unificada el condicionante de residencia<\/strong><\/em><\/p>\n<p>&nbsp;<\/p>\n<p>&nbsp;<\/p>\n<p>La Administraci\u00f3n Nacional de la Seguridad Social (ANSES) oficializ\u00f3 este lunes la pauta de residencia m\u00ednima permitida para garantizar el cobro mensual de los haberes de Pensiones no Contributivas (PNC) y cualquiera de las Asignaciones Familiares del Sistema \u00danico de Asignaciones Familiares (SUAF).<\/p>\n<p>La medida, reglamentada a trav\u00e9s de la Resoluci\u00f3n 918 firmada por el titular del \u00e1rea Mariano de los Heros, tendr\u00e1 como objetivo ejercer el pleno control de fiscalizaci\u00f3n del r\u00e9gimen de reparto a fin de certificar el normal ejercicio.<\/p>\n<p>&#8220;Las normas de procedimiento de \u00edndole operativa y de control contemplar\u00e1n que el incumplimiento del requisito de residencia operar\u00e1 cuando la persona titular de la prestaci\u00f3n se haya ausentado del territorio de la Rep\u00fablica Argentina por un per\u00edodo superior al de 90 d\u00edas corridos&#8221;, especific\u00f3 ANSES en un tramo del Considerando.<\/p>\n<p>De esta forma, para quienes violen esta condici\u00f3n, se proceder\u00e1 a la suspensi\u00f3n de la prestaci\u00f3n correspondiente, &#8220;hasta tanto la persona titular solicite la activaci\u00f3n del mismo y se demuestre fehacientemente que se encuentra nuevamente residiendo en el pa\u00eds&#8221;.<\/p>\n<p>S\u00f3lo se pautar\u00e1 excepciones cuando se trate de prestaciones respecto de las cuales, dicho incumplimiento, implique la p\u00e9rdida de derecho. &#8220;En cuyo caso se proceder\u00e1 a la baja de las mismas&#8221;, especific\u00f3 el Art\u00edculo 3\u00b0.<\/p>\n<p>En junio, ANSES ya hab\u00eda dado la primera homogeneizaci\u00f3n en la n\u00f3mina de requisitos correspondientes a la materia: redujo de 180 a 90 d\u00edas corridos el per\u00edodo m\u00e1ximo de ausencia en el territorio nacional v\u00e1lido para no avanzar con la supresi\u00f3n de cobro.<\/p>\n<p>La alteraci\u00f3n se anex\u00f3 tambi\u00e9n a la disminuci\u00f3n en marzo respecto a los l\u00edmites de ingresos por integrante y grupo familiar. El Decreto 194 firmado por el presidente Javier Milei dej\u00f3 sin efecto el tercer p\u00e1rrafo del art\u00edculo 1\u00b0 y el art\u00edculo 5\u00b0 de la Ley N\u00b0 27.160 que elev\u00f3 en diciembre 2023 el techo condicionante a $ 1.980.00.<\/p>\n<p>&nbsp;<\/p>\n<p><strong>Jubilados, pensionados y SUAF ANSES: \u00bfcu\u00e1les son las nuevas condiciones para no perder el cobro de haberes?<\/strong><\/p>\n<p><strong>1) Residencia<\/strong><\/p>\n<ul>\n<li>Para el caso de la Asignaci\u00f3n Familiar por C\u00f3nyuge, la suspensi\u00f3n operar\u00e1 cuando la persona titular o su c\u00f3nyuge se ausenten del pa\u00eds simult\u00e1nea o alternadamente y de manera continuada por m\u00e1s de 90 d\u00edas;<\/li>\n<li>En el caso de la Asignaci\u00f3n por Embarazo para Protecci\u00f3n Social, la suspensi\u00f3n se pautar\u00e1 cuando la persona titular se ausente del pa\u00eds, tambi\u00e9n por el plazo mencionado;<\/li>\n<li>En la misma l\u00ednea, en el caso de la Asignaci\u00f3n Familiar por Hijo e Hijo con Discapacidad, dicha baja operar\u00e1 cuando el hijo de la persona titular se ausente de manera continuada por el plazo de 3 meses;<\/li>\n<li>Misma suerte revestir\u00e1 para las Pensiones No Contributivas (PNC) del Sistema Integral Previsional Argentino (SIPA).<\/li>\n<\/ul>\n","protected":false},"excerpt":{"rendered":"<p>La medida, continua a la Resoluci\u00f3n 219 de junio por la cual se redujo el plazo m\u00ednimo de ausencia en el pa\u00eds permitido para continuar percibiendo las liquidaciones mensuales, desde octubre el organismo previsional aplicar\u00e1 de manera unificada el condicionante de residencia &nbsp; &nbsp; La Administraci\u00f3n Nacional de la Seguridad Social (ANSES) oficializ\u00f3 este lunes la pauta de residencia m\u00ednima permitida para garantizar el cobro mensual de los haberes de Pensiones no Contributivas (PNC) y cualquiera de las Asignaciones Familiares del Sistema \u00danico de Asignaciones Familiares (SUAF). La medida, reglamentada&#8230;<\/p>\n","protected":false},"author":3,"featured_media":61487,"comment_status":"closed","ping_status":"closed","sticky":false,"template":"","format":"standard","meta":[],"categories":[2],"tags":[],"_links":{"self":[{"href":"https:\/\/www.actualidadadiario.com\/index.php\/wp-json\/wp\/v2\/posts\/121189"}],"collection":[{"href":"https:\/\/www.actualidadadiario.com\/index.php\/wp-json\/wp\/v2\/posts"}],"about":[{"href":"https:\/\/www.actualidadadiario.com\/index.php\/wp-json\/wp\/v2\/types\/post"}],"author":[{"embeddable":true,"href":"https:\/\/www.actualidadadiario.com\/index.php\/wp-json\/wp\/v2\/users\/3"}],"replies":[{"embeddable":true,"href":"https:\/\/www.actualidadadiario.com\/index.php\/wp-json\/wp\/v2\/comments?post=121189"}],"version-history":[{"count":1,"href":"https:\/\/www.actualidadadiario.com\/index.php\/wp-json\/wp\/v2\/posts\/121189\/revisions"}],"predecessor-version":[{"id":121190,"href":"https:\/\/www.actualidadadiario.com\/index.php\/wp-json\/wp\/v2\/posts\/121189\/revisions\/121190"}],"wp:featuredmedia":[{"embeddable":true,"href":"https:\/\/www.actualidadadiario.com\/index.php\/wp-json\/wp\/v2\/media\/61487"}],"wp:attachment":[{"href":"https:\/\/www.actualidadadiario.com\/index.php\/wp-json\/wp\/v2\/media?parent=121189"}],"wp:term":[{"taxonomy":"category","embeddable":true,"href":"https:\/\/www.actualidadadiario.com\/index.php\/wp-json\/wp\/v2\/categories?post=121189"},{"taxonomy":"post_tag","embeddable":true,"href":"https:\/\/www.actualidadadiario.com\/index.php\/wp-json\/wp\/v2\/tags?post=121189"}],"curies":[{"name":"wp","href":"https:\/\/api.w.org\/{rel}","templated":true}]}}